{"id":30383,"date":"2020-07-08T12:49:48","date_gmt":"2020-07-08T15:49:48","guid":{"rendered":"http:\/\/www.sincomam.org.br\/?p=30383"},"modified":"2020-07-08T12:49:48","modified_gmt":"2020-07-08T15:49:48","slug":"movimentacao-no-porto-de-fortaleza-cresce-9-no-1o-semestre","status":"publish","type":"post","link":"https:\/\/www.sincomam.org.br\/index.php\/movimentacao-no-porto-de-fortaleza-cresce-9-no-1o-semestre\/","title":{"rendered":"Movimenta\u00e7\u00e3o no Porto de Fortaleza cresce 9% no 1\u00ba semestre"},"content":{"rendered":"<p>Mesmo no cen\u00e1rio econ\u00f4mico abalado pela pandemia da Covid-19 no primeiro semestre deste ano, o Porto de Fortaleza registrou crescimento de 9% na movimenta\u00e7\u00e3o de cargas, quando comparado ao mesmo per\u00edodo do ano passado.<\/p>\n<p>A alta foi puxada pelos produtos: trigo, esc\u00f3ria, cl\u00ednquer, mangan\u00eas, magn\u00e9sio, vergalh\u00e3o, tarugo de a\u00e7o e os derivados de petr\u00f3leo. As 2,34 milh\u00f5es de toneladas registradas at\u00e9 o momento, representam 53% de tudo o que foi movimentado em 2019 (4,4 milh\u00f5es de toneladas).<\/p>\n<p><strong>Gran\u00e9is<\/strong><\/p>\n<p>Os gran\u00e9is s\u00f3lidos cresceram 19% em junho comparado ao mesmo m\u00eas de 2019, passando de 909.195t para 1.080.406t. Com o segundo melhor desempenho, aparece a carga geral, registrando aumento de 10,5%, (+20.459t). Os gran\u00e9is l\u00edquidos se mantiveram praticamente est\u00e1veis, passando de 1.030.956 toneladas para 1.041 toneladas.<\/p>\n<p>De acordo com a diretora-presidente da Companhia Docas do Cear\u00e1, Mayhara Chaves, o crescimento cont\u00ednuo do granel s\u00f3lido neste ano possibilitou igualar a movimenta\u00e7\u00e3o de granel l\u00edquido de 2019, que liderou o volume de cargas do ano anterior.<\/p>\n<p>De janeiro a junho deste ano, os gran\u00e9is s\u00f3lidos responderam por 46% da movimenta\u00e7\u00e3o total e os gran\u00e9is l\u00edquidos por 45%. No mesmo per\u00edodo ano passado, respectivamente, foram 43% e 48%. A carga geral se manteve est\u00e1vel em 9%.<\/p>\n<p>\u201cA movimenta\u00e7\u00e3o eficiente dos gran\u00e9is s\u00f3lidos est\u00e1 consolidando essa carga no Porto de Fortaleza, que s\u00f3 n\u00e3o foi maior devido \u00e0 pandemia da Covid-19. Em rela\u00e7\u00e3o aos gran\u00e9is l\u00edquidos, o per\u00edodo de isolamento social iniciado em mar\u00e7o deu uma freada no consumo, que agora j\u00e1 est\u00e1 voltando pr\u00f3ximo da normalidade e em breve teremos um desempenho melhor desta carga\u201d Mayhara Chaves (diretora-presidente da CDC)<\/p>\n<p>Fonte: Di\u00e1rio do Nordeste<\/p>\n","protected":false},"excerpt":{"rendered":"<p>Mesmo no cen\u00e1rio econ\u00f4mico abalado pela pandemia da Covid-19 no primeiro semestre deste ano, o Porto de Fortaleza registrou crescimento de 9% na movimenta\u00e7\u00e3o de&#8230;<\/p>\n","protected":false},"author":1182,"featured_media":5424,"comment_status":"closed","ping_status":"closed","sticky":false,"template":"","format":"standard","meta":{"footnotes":""},"categories":[6],"tags":[170,856,348,237,80],"class_list":["post-30383","post","type-post","status-publish","format-standard","has-post-thumbnail","hentry","category-noticias","tag-crescimento","tag-economia","tag-fortaleza","tag-movimentacao","tag-porto"],"_links":{"self":[{"href":"https:\/\/www.sincomam.org.br\/index.php\/wp-json\/wp\/v2\/posts\/30383","targetHints":{"allow":["GET"]}}],"collection":[{"href":"https:\/\/www.sincomam.org.br\/index.php\/wp-json\/wp\/v2\/posts"}],"about":[{"href":"https:\/\/www.sincomam.org.br\/index.php\/wp-json\/wp\/v2\/types\/post"}],"author":[{"embeddable":true,"href":"https:\/\/www.sincomam.org.br\/index.php\/wp-json\/wp\/v2\/users\/1182"}],"replies":[{"embeddable":true,"href":"https:\/\/www.sincomam.org.br\/index.php\/wp-json\/wp\/v2\/comments?post=30383"}],"version-history":[{"count":1,"href":"https:\/\/www.sincomam.org.br\/index.php\/wp-json\/wp\/v2\/posts\/30383\/revisions"}],"predecessor-version":[{"id":30384,"href":"https:\/\/www.sincomam.org.br\/index.php\/wp-json\/wp\/v2\/posts\/30383\/revisions\/30384"}],"wp:featuredmedia":[{"embeddable":true,"href":"https:\/\/www.sincomam.org.br\/index.php\/wp-json\/wp\/v2\/media\/5424"}],"wp:attachment":[{"href":"https:\/\/www.sincomam.org.br\/index.php\/wp-json\/wp\/v2\/media?parent=30383"}],"wp:term":[{"taxonomy":"category","embeddable":true,"href":"https:\/\/www.sincomam.org.br\/index.php\/wp-json\/wp\/v2\/categories?post=30383"},{"taxonomy":"post_tag","embeddable":true,"href":"https:\/\/www.sincomam.org.br\/index.php\/wp-json\/wp\/v2\/tags?post=30383"}],"curies":[{"name":"wp","href":"https:\/\/api.w.org\/{rel}","templated":true}]}}