{"id":30380,"date":"2020-07-08T12:14:47","date_gmt":"2020-07-08T15:14:47","guid":{"rendered":"http:\/\/www.sincomam.org.br\/?p=30380"},"modified":"2020-07-08T12:38:06","modified_gmt":"2020-07-08T15:38:06","slug":"navio-em-quarentena-apos-registrar-casos-de-covid-19-aguarda-autorizacao-para-deixar-o-porto-de-santos","status":"publish","type":"post","link":"https:\/\/www.sincomam.org.br\/index.php\/navio-em-quarentena-apos-registrar-casos-de-covid-19-aguarda-autorizacao-para-deixar-o-porto-de-santos\/","title":{"rendered":"Navio em quarentena ap\u00f3s registrar casos de Covid-19 aguarda autoriza\u00e7\u00e3o para deixar o Porto de Santos"},"content":{"rendered":"<p><strong><em>Graneleiro MV Seajoy, carregado com mais de 63 toneladas de soja, est\u00e1 em quarentena na Barra de Santos, no litoral paulista, desde 23 de julho<\/em><\/strong><\/p>\n<p>A tripula\u00e7\u00e3o do navio graneleiro MV Seajoy aguarda autoriza\u00e7\u00e3o para encerrar a quarentena e deixar o Porto de Santos, no litoral de S\u00e3o Paulo, onde a embarca\u00e7\u00e3o passou 14 dias atracada, ap\u00f3s a confirma\u00e7\u00e3o de dois casos positivos do novo coronav\u00edrus entre tripulantes.<\/p>\n<p>De acordo com informa\u00e7\u00f5es obtidas pelo G1 nesta ter\u00e7a-feira (7), a embarca\u00e7\u00e3o atracou no cais santista e realizou o carregamento de 63.520 toneladas de soja entre os dias 19 e 21 de junho. Por\u00e9m, ap\u00f3s o diagn\u00f3stico positivo dos tripulantes, a Ag\u00eancia Nacional de Vigil\u00e2ncia Sanit\u00e1ria (Anvisa) determinou a quarentena do navio.<\/p>\n<p>Do atracadouro, localizado no Armaz\u00e9m 39 do porto, onde o carregamento da soja foi feito, o navio rumou em dire\u00e7\u00e3o \u00e0 Barra de Santos, no dia 23 de junho, onde permanece em quarentena at\u00e9 esta ter\u00e7a-feira. Segundo a Anvisa, uma nova vistoria para a detec\u00e7\u00e3o de poss\u00edveis focos de contamina\u00e7\u00e3o ser\u00e1 realizada.<\/p>\n<p>Caso a vistoria n\u00e3o aponte irregularidades ou novos casos de Covid-19, a embarca\u00e7\u00e3o ter\u00e1 autoriza\u00e7\u00e3o para operar ou deixar o Porto de Santos. Segundo a Santos Port Autorithy, autoridade portu\u00e1ria santista, o MV Seajoy \u00e9, atualmente, o \u00fanico navio em quarentena na \u00e1rea de fundeio do complexo.<\/p>\n<p>Fonte: G1 Santos<\/p>\n","protected":false},"excerpt":{"rendered":"<p>Graneleiro MV Seajoy, carregado com mais de 63 toneladas de soja, est\u00e1 em quarentena na Barra de Santos, no litoral paulista, desde 23 de julho&#8230;<\/p>\n","protected":false},"author":1182,"featured_media":18514,"comment_status":"closed","ping_status":"closed","sticky":false,"template":"","format":"standard","meta":{"footnotes":""},"categories":[6],"tags":[2784,2778,2751,47,80,2809,746,89],"class_list":["post-30380","post","type-post","status-publish","format-standard","has-post-thumbnail","hentry","category-noticias","tag-autorizacao","tag-casos","tag-covid-19","tag-navio","tag-porto","tag-quarentena","tag-registro","tag-santos"],"_links":{"self":[{"href":"https:\/\/www.sincomam.org.br\/index.php\/wp-json\/wp\/v2\/posts\/30380","targetHints":{"allow":["GET"]}}],"collection":[{"href":"https:\/\/www.sincomam.org.br\/index.php\/wp-json\/wp\/v2\/posts"}],"about":[{"href":"https:\/\/www.sincomam.org.br\/index.php\/wp-json\/wp\/v2\/types\/post"}],"author":[{"embeddable":true,"href":"https:\/\/www.sincomam.org.br\/index.php\/wp-json\/wp\/v2\/users\/1182"}],"replies":[{"embeddable":true,"href":"https:\/\/www.sincomam.org.br\/index.php\/wp-json\/wp\/v2\/comments?post=30380"}],"version-history":[{"count":1,"href":"https:\/\/www.sincomam.org.br\/index.php\/wp-json\/wp\/v2\/posts\/30380\/revisions"}],"predecessor-version":[{"id":30381,"href":"https:\/\/www.sincomam.org.br\/index.php\/wp-json\/wp\/v2\/posts\/30380\/revisions\/30381"}],"wp:featuredmedia":[{"embeddable":true,"href":"https:\/\/www.sincomam.org.br\/index.php\/wp-json\/wp\/v2\/media\/18514"}],"wp:attachment":[{"href":"https:\/\/www.sincomam.org.br\/index.php\/wp-json\/wp\/v2\/media?parent=30380"}],"wp:term":[{"taxonomy":"category","embeddable":true,"href":"https:\/\/www.sincomam.org.br\/index.php\/wp-json\/wp\/v2\/categories?post=30380"},{"taxonomy":"post_tag","embeddable":true,"href":"https:\/\/www.sincomam.org.br\/index.php\/wp-json\/wp\/v2\/tags?post=30380"}],"curies":[{"name":"wp","href":"https:\/\/api.w.org\/{rel}","templated":true}]}}