{"id":30377,"date":"2020-07-08T12:00:01","date_gmt":"2020-07-08T15:00:01","guid":{"rendered":"http:\/\/www.sincomam.org.br\/?p=30377"},"modified":"2020-07-08T12:00:01","modified_gmt":"2020-07-08T15:00:01","slug":"cais-publico-do-porto-do-rio-de-janeiro-sera-alfandegado-este-ano","status":"publish","type":"post","link":"https:\/\/www.sincomam.org.br\/index.php\/cais-publico-do-porto-do-rio-de-janeiro-sera-alfandegado-este-ano\/","title":{"rendered":"Cais p\u00fablico do Porto do Rio de Janeiro ser\u00e1 alfandegado este ano"},"content":{"rendered":"<p><strong><em>A CDRJ contratou uma empresa de consultoria e auditoria<\/em><\/strong><\/p>\n<p>O \u201crealfandegamento\u201d de parte do cais p\u00fablico do Porto do Rio de Janeiro, solicitado pela Companhia Docas do Rio de Janeiro (CDRJ) \u00e0 Receita Federal em fevereiro deste ano, est\u00e1 previsto para acontecer em breve.<\/p>\n<p>Segundo informa\u00e7\u00f5es do superintendente de Gest\u00e3o Portu\u00e1ria do Rio de Janeiro e Niter\u00f3i, Leandro Lima, no atual momento do processo, a CDRJ contratou uma empresa de consultoria e auditoria para verificar a efici\u00eancia e a seguran\u00e7a dos sistemas informatizados de controle de acesso ao porto.<\/p>\n<p>\u201cO laudo dessa an\u00e1lise ser\u00e1 entregue \u00e0 Receita Federal, junto com documentos complementares que o \u00f3rg\u00e3o exigiu em adi\u00e7\u00e3o aos que j\u00e1 foram entregues por ocasi\u00e3o da solicita\u00e7\u00e3o de anu\u00eancia\u201d, explicou Leandro.<\/p>\n<p>Posteriormente, a CDRJ aguardar\u00e1 o parecer da Receita Federal, que poder\u00e1 ser favor\u00e1vel ou gerar em nova exig\u00eancia de apresenta\u00e7\u00e3o de outros documentos que o \u00f3rg\u00e3o considerar pertinentes.<\/p>\n<p>O diretor-presidente da CDRJ, Francisco Antonio de Magalh\u00e3es Laranjeira ressaltou a import\u00e2ncia dessa medida: \u201cCom a recupera\u00e7\u00e3o do alfandegamento do cais p\u00fablico do Porto do Rio de Janeiro, a CDRJ passar\u00e1 a ter mais recursos pr\u00f3prios para investir na infraestrutura portu\u00e1ria\u201d.<\/p>\n<p>O alfandegamento da \u00e1rea, tornando-a sob controle aduaneiro, significa que a Alf\u00e2ndega ter\u00e1 que autorizar qualquer movimenta\u00e7\u00e3o, armazenagem e despacho aduaneiro de mercadorias procedentes do exterior ou a ele destinadas.<\/p>\n<p><strong>Relembre os fatos<\/strong><\/p>\n<p>A primeira etapa do processo de \u201crealfandegamento\u201d do cais p\u00fablico do Porto do Rio de Janeiro foi a obten\u00e7\u00e3o da Certid\u00e3o Positiva com efeitos de negativa dos tributos federais, depois de 15 anos em situa\u00e7\u00e3o irregular. A Certid\u00e3o Negativa de D\u00e9bitos (CND) era uma exig\u00eancia indispens\u00e1vel da Receita Federal para a recupera\u00e7\u00e3o do alfandegamento, perdido h\u00e1 mais de cinco anos.<\/p>\n<p>Fonte: Portos e Navios<\/p>\n","protected":false},"excerpt":{"rendered":"<p>A CDRJ contratou uma empresa de consultoria e auditoria O \u201crealfandegamento\u201d de parte do cais p\u00fablico do Porto do Rio de Janeiro, solicitado pela Companhia&#8230;<\/p>\n","protected":false},"author":1182,"featured_media":30378,"comment_status":"closed","ping_status":"closed","sticky":false,"template":"","format":"standard","meta":{"footnotes":""},"categories":[6],"tags":[3365,1392,80,1679,59],"class_list":["post-30377","post","type-post","status-publish","format-standard","has-post-thumbnail","hentry","category-noticias","tag-alfandegado","tag-cais","tag-porto","tag-publico","tag-rio-de-janeiro"],"_links":{"self":[{"href":"https:\/\/www.sincomam.org.br\/index.php\/wp-json\/wp\/v2\/posts\/30377","targetHints":{"allow":["GET"]}}],"collection":[{"href":"https:\/\/www.sincomam.org.br\/index.php\/wp-json\/wp\/v2\/posts"}],"about":[{"href":"https:\/\/www.sincomam.org.br\/index.php\/wp-json\/wp\/v2\/types\/post"}],"author":[{"embeddable":true,"href":"https:\/\/www.sincomam.org.br\/index.php\/wp-json\/wp\/v2\/users\/1182"}],"replies":[{"embeddable":true,"href":"https:\/\/www.sincomam.org.br\/index.php\/wp-json\/wp\/v2\/comments?post=30377"}],"version-history":[{"count":1,"href":"https:\/\/www.sincomam.org.br\/index.php\/wp-json\/wp\/v2\/posts\/30377\/revisions"}],"predecessor-version":[{"id":30379,"href":"https:\/\/www.sincomam.org.br\/index.php\/wp-json\/wp\/v2\/posts\/30377\/revisions\/30379"}],"wp:featuredmedia":[{"embeddable":true,"href":"https:\/\/www.sincomam.org.br\/index.php\/wp-json\/wp\/v2\/media\/30378"}],"wp:attachment":[{"href":"https:\/\/www.sincomam.org.br\/index.php\/wp-json\/wp\/v2\/media?parent=30377"}],"wp:term":[{"taxonomy":"category","embeddable":true,"href":"https:\/\/www.sincomam.org.br\/index.php\/wp-json\/wp\/v2\/categories?post=30377"},{"taxonomy":"post_tag","embeddable":true,"href":"https:\/\/www.sincomam.org.br\/index.php\/wp-json\/wp\/v2\/tags?post=30377"}],"curies":[{"name":"wp","href":"https:\/\/api.w.org\/{rel}","templated":true}]}}