{"id":30374,"date":"2020-07-08T11:44:20","date_gmt":"2020-07-08T14:44:20","guid":{"rendered":"http:\/\/www.sincomam.org.br\/?p=30374"},"modified":"2020-07-08T11:44:20","modified_gmt":"2020-07-08T14:44:20","slug":"tribunal-maritimo-comemora-86-anos-de-existencia","status":"publish","type":"post","link":"https:\/\/www.sincomam.org.br\/index.php\/tribunal-maritimo-comemora-86-anos-de-existencia\/","title":{"rendered":"Tribunal Mar\u00edtimo comemora 86 anos de exist\u00eancia"},"content":{"rendered":"<p><em><strong>Celebra\u00e7\u00e3o foi realizada em sess\u00e3o solene virtual<\/strong><\/em><\/p>\n<p>O Tribunal Mar\u00edtimo (TM) realizou, no dia 6 de julho, por sistema de videoconfer\u00eancia, uma sess\u00e3o solene virtual em comemora\u00e7\u00e3o aos 86 anos de sua exist\u00eancia. Presidida pelo Comandante da Marinha, Almirante de Esquadra Ilques Barbosa Junior, o evento teve a participa\u00e7\u00e3o de Almirantes, ex-presidentes e ju\u00edzes do TM, representantes do setor judici\u00e1rio e advogados que trabalham na \u201cCorte Mar\u00edtima Brasileira\u201d.<\/p>\n<p>Durante a\u00a0sess\u00e3o, o Juiz Attila Halan Coury, representando os\u00a0ju\u00edzes do TM, o\u00a0Capit\u00e3o-Tenente Francisco Jos\u00e9 Siqueira Ferreira, representando a Procuradoria Especial da Marinha, e Pedro Calmon Filho, representando os advogados\u00a0que\u00a0trabalham\u00a0na \u201cCorte Mar\u00edtima\u201d, enalteceram os 86 anos de atividades do TM em prol da Justi\u00e7a e Seguran\u00e7a da Navega\u00e7\u00e3o. Ap\u00f3s a cerim\u00f4nia, foi inaugurado um quadro com uma pintura do Almirante Francisco Manoel Barroso da Silva, o Almirante Barroso, doado ao TM pelo Diretor da Divis\u00e3o de Inqu\u00e9ritos sobre Acidentes e Fatos da Navega\u00e7\u00e3o, Capit\u00e3o de Mar e Guerra (Ref\u00ba-T) Elson de Azevedo Burity, pelo transcurso dos 86 anos de cria\u00e7\u00e3o do Tribunal Mar\u00edtimo. A obra de arte foi produzida a partir de azulejos pelo artes\u00e3o maranhense Milton Machado Ramos.<\/p>\n<p><strong>Pandemia<\/strong><\/p>\n<p>Desde a implanta\u00e7\u00e3o de sess\u00f5es virtuais em virtude da Covid-19, foram realizadas 20\u00a0sess\u00f5es\u00a0plen\u00e1rias.\u00a0Nesse per\u00edodo de um pouco mais de dois meses, foram apreciadas 98 representa\u00e7\u00f5es e julgados 118 processos.<\/p>\n<p>O Tribunal comunica que, est\u00e1 em fase final de testes o sistema que permitir\u00e1 o tr\u00e2mite totalmente digital dos processos sobre acidentes e fatos da navega\u00e7\u00e3o, inclusive a realiza\u00e7\u00e3o de peticionamento eletr\u00f4nico por advogados, ampliando o acesso \u00e0 \u201cjusti\u00e7a da navega\u00e7\u00e3o\u201d, imprimindo maior celeridade aos processos e reduzindo custos.<\/p>\n<p>*Com informa\u00e7\u00f5es da Marinha do Brasil \/ Foto: divulga\u00e7\u00e3o Marinha<\/p>\n","protected":false},"excerpt":{"rendered":"<p>Celebra\u00e7\u00e3o foi realizada em sess\u00e3o solene virtual O Tribunal Mar\u00edtimo (TM) realizou, no dia 6 de julho, por sistema de videoconfer\u00eancia, uma sess\u00e3o solene virtual&#8230;<\/p>\n","protected":false},"author":1182,"featured_media":30375,"comment_status":"closed","ping_status":"closed","sticky":false,"template":"","format":"standard","meta":{"footnotes":""},"categories":[6],"tags":[3363,61,20,3364,15,19,1098,3361,393,3362],"class_list":["post-30374","post","type-post","status-publish","format-standard","has-post-thumbnail","hentry","category-noticias","tag-86-anos","tag-brasil","tag-comemoracao","tag-existencia","tag-marinha","tag-maritimo","tag-sessao","tag-solene","tag-tribunal","tag-virtual"],"_links":{"self":[{"href":"https:\/\/www.sincomam.org.br\/index.php\/wp-json\/wp\/v2\/posts\/30374","targetHints":{"allow":["GET"]}}],"collection":[{"href":"https:\/\/www.sincomam.org.br\/index.php\/wp-json\/wp\/v2\/posts"}],"about":[{"href":"https:\/\/www.sincomam.org.br\/index.php\/wp-json\/wp\/v2\/types\/post"}],"author":[{"embeddable":true,"href":"https:\/\/www.sincomam.org.br\/index.php\/wp-json\/wp\/v2\/users\/1182"}],"replies":[{"embeddable":true,"href":"https:\/\/www.sincomam.org.br\/index.php\/wp-json\/wp\/v2\/comments?post=30374"}],"version-history":[{"count":1,"href":"https:\/\/www.sincomam.org.br\/index.php\/wp-json\/wp\/v2\/posts\/30374\/revisions"}],"predecessor-version":[{"id":30376,"href":"https:\/\/www.sincomam.org.br\/index.php\/wp-json\/wp\/v2\/posts\/30374\/revisions\/30376"}],"wp:featuredmedia":[{"embeddable":true,"href":"https:\/\/www.sincomam.org.br\/index.php\/wp-json\/wp\/v2\/media\/30375"}],"wp:attachment":[{"href":"https:\/\/www.sincomam.org.br\/index.php\/wp-json\/wp\/v2\/media?parent=30374"}],"wp:term":[{"taxonomy":"category","embeddable":true,"href":"https:\/\/www.sincomam.org.br\/index.php\/wp-json\/wp\/v2\/categories?post=30374"},{"taxonomy":"post_tag","embeddable":true,"href":"https:\/\/www.sincomam.org.br\/index.php\/wp-json\/wp\/v2\/tags?post=30374"}],"curies":[{"name":"wp","href":"https:\/\/api.w.org\/{rel}","templated":true}]}}