{"id":30370,"date":"2020-07-08T11:35:33","date_gmt":"2020-07-08T14:35:33","guid":{"rendered":"http:\/\/www.sincomam.org.br\/?p=30370"},"modified":"2020-07-08T11:35:33","modified_gmt":"2020-07-08T14:35:33","slug":"marinha-celebra-40-anos-de-ingresso-da-mulher-nas-forcas-armadas","status":"publish","type":"post","link":"https:\/\/www.sincomam.org.br\/index.php\/marinha-celebra-40-anos-de-ingresso-da-mulher-nas-forcas-armadas\/","title":{"rendered":"Marinha celebra 40 anos de ingresso da mulher nas For\u00e7as Armadas"},"content":{"rendered":"<p><em><strong>Almirante Maximiano da Fonseca decidiu que a Marinha seria pioneira em acolher a mulher em suas fileiras<\/strong><\/em><\/p>\n<p>A Marinha do Brasil (MB) comemorou nesta ter\u00e7a-feira (7), o 40\u00ba anivers\u00e1rio do ingresso da mulher nas suas fileiras de for\u00e7a. A cerim\u00f4nia alusiva \u00e0 data, foi realizada no Comando da Marinha, em Bras\u00edlia-DF. O evento foi transmitido ao vivo pela p\u00e1gina oficial da MB no YouTube e redes sociais.<\/p>\n<p>A data remete \u00e0 cria\u00e7\u00e3o do Corpo Auxiliar Feminino da Reserva, ocorrido em 7 de julho de 1980, por iniciativa do ent\u00e3o Ministro da Marinha, Almirante de Esquadra Maximiano Eduardo da Silva Fonseca. Pioneira, a MB foi a primeira entre as For\u00e7as Armadas brasileiras a admitir mulheres em seu efetivo, que comp\u00f5e mais de oito mil integrantes.<\/p>\n<p>Durante a cerim\u00f4nia, o Comandante da Marinha, Almirante de Esquadra Ilques Barbosa Junior, ressaltou a trajet\u00f3ria das oficiais e pra\u00e7as na MB.<\/p>\n<p><em>\u201dAs mulheres conquistaram seu espa\u00e7o e, em 1985, pela primeira vez, uma mulher ingressava na Base \u00c1rea Naval de S\u00e3o Pedro da Aldeia-RJ para ser precursora na realiza\u00e7\u00e3o de uma miss\u00e3o em aeronave militar. Cinco anos depois, em 1990, uma oficial embarcava no Submarino \u2018Tupi\u2019 para participar da avalia\u00e7\u00e3o operacional dos sistemas de bordo. Ainda nos anos 90, em 1997, ap\u00f3s uma reestrutura\u00e7\u00e3o de Corpos e Quadros, as mulheres ampliaram sua participa\u00e7\u00e3o na Marinha e come\u00e7aram a figurar nos processos seletivos para cargos de dire\u00e7\u00e3o e comiss\u00f5es diversas, inclusive as permanentes no exterior. No alvorecer do s\u00e9culo XXI, em 2001, a primeira mulher ingressou para o Curso de Forma\u00e7\u00e3o de Sargentos M\u00fasicos do Corpo de Fuzileiros Navais. Durante esta \u00faltima d\u00e9cada, novas grandes conquistas foram alcan\u00e7adas: em 2012, a Marinha promoveu a primeira mulher ao posto de Oficial-General, um marco significativo nessa bonita hist\u00f3ria; em 2014, as mulheres chegavam \u00e0 Escola Naval para integrar o Corpo de Intendentes da Marinha e, poucos anos depois, em 2018, tamb\u00e9m passaram a ter op\u00e7\u00e3o de escolha pelo Corpo da Armada e de Fuzileiros Navais, completando, assim, o processo de inclus\u00e3o das mulheres, em todos os corpos e quadros da Marinha\u201d, destacou o Comandante da Marinha.<\/em><\/p>\n<p><a href=\"https:\/\/www.sincomam.org.br\/wp-content\/uploads\/2020\/07\/mulher-na-Marinha.jpg\"><img fetchpriority=\"high\" decoding=\"async\" class=\"size-full wp-image-30372 alignleft\" src=\"https:\/\/www.sincomam.org.br\/wp-content\/uploads\/2020\/07\/mulher-na-Marinha.jpg\" alt=\"\" width=\"500\" height=\"375\" srcset=\"https:\/\/www.sincomam.org.br\/wp-content\/uploads\/2020\/07\/mulher-na-Marinha.jpg 500w, https:\/\/www.sincomam.org.br\/wp-content\/uploads\/2020\/07\/mulher-na-Marinha-300x225.jpg 300w\" sizes=\"(max-width: 500px) 100vw, 500px\" \/><\/a>Participaram do evento o Chefe do Estado-Maior da Armada, Almirante de Esquadra Cl\u00e1udio Portugal de Viveiros; o Secret\u00e1rio-Geral da Marinha, Almirante de Esquadra Marcos Silva Rodrigues; e o Chefe do Gabinete do Comandante da Marinha, Vice-Almirante Eduardo Machado Vazquez.<\/p>\n<p>Representando a presen\u00e7a feminina na cerim\u00f4nia, participaram a Capit\u00e3o de Mar e Guerra (T) Ana Cl\u00e1udia de Paula, militar da Marinha mais antiga servindo em Bras\u00edlia; a Capit\u00e3o de Mar e Guerra (RM1-S) Wanda Regina Da Silva, representante da 1\u00aa Turma do Quadro Auxiliar Feminino de Oficiais; a Suboficial Leila Reis Cardoso, Suboficial-Mor do Estado-Maior Da Armada; e a Cabo Danielle Vicente Eduardo, militar mais moderna do Corpo Auxiliar de Pra\u00e7as servindo em Bras\u00edlia.<\/p>\n<p>*Com informa\u00e7\u00f5es da Marinha do Brasil \/ Fotos: divulga\u00e7\u00e3o Marinha<\/p>\n","protected":false},"excerpt":{"rendered":"<p>Almirante Maximiano da Fonseca decidiu que a Marinha seria pioneira em acolher a mulher em suas fileiras A Marinha do Brasil (MB) comemorou nesta ter\u00e7a-feira&#8230;<\/p>\n","protected":false},"author":1182,"featured_media":30371,"comment_status":"closed","ping_status":"closed","sticky":false,"template":"","format":"standard","meta":{"footnotes":""},"categories":[6],"tags":[1162,61,1444,20,3360,1161,15,1397,73],"class_list":["post-30370","post","type-post","status-publish","format-standard","has-post-thumbnail","hentry","category-noticias","tag-armadas","tag-brasil","tag-comando","tag-comemoracao","tag-fileiras","tag-forcas","tag-marinha","tag-mulher","tag-participacao"],"_links":{"self":[{"href":"https:\/\/www.sincomam.org.br\/index.php\/wp-json\/wp\/v2\/posts\/30370","targetHints":{"allow":["GET"]}}],"collection":[{"href":"https:\/\/www.sincomam.org.br\/index.php\/wp-json\/wp\/v2\/posts"}],"about":[{"href":"https:\/\/www.sincomam.org.br\/index.php\/wp-json\/wp\/v2\/types\/post"}],"author":[{"embeddable":true,"href":"https:\/\/www.sincomam.org.br\/index.php\/wp-json\/wp\/v2\/users\/1182"}],"replies":[{"embeddable":true,"href":"https:\/\/www.sincomam.org.br\/index.php\/wp-json\/wp\/v2\/comments?post=30370"}],"version-history":[{"count":1,"href":"https:\/\/www.sincomam.org.br\/index.php\/wp-json\/wp\/v2\/posts\/30370\/revisions"}],"predecessor-version":[{"id":30373,"href":"https:\/\/www.sincomam.org.br\/index.php\/wp-json\/wp\/v2\/posts\/30370\/revisions\/30373"}],"wp:featuredmedia":[{"embeddable":true,"href":"https:\/\/www.sincomam.org.br\/index.php\/wp-json\/wp\/v2\/media\/30371"}],"wp:attachment":[{"href":"https:\/\/www.sincomam.org.br\/index.php\/wp-json\/wp\/v2\/media?parent=30370"}],"wp:term":[{"taxonomy":"category","embeddable":true,"href":"https:\/\/www.sincomam.org.br\/index.php\/wp-json\/wp\/v2\/categories?post=30370"},{"taxonomy":"post_tag","embeddable":true,"href":"https:\/\/www.sincomam.org.br\/index.php\/wp-json\/wp\/v2\/tags?post=30370"}],"curies":[{"name":"wp","href":"https:\/\/api.w.org\/{rel}","templated":true}]}}