{"id":30367,"date":"2020-07-08T11:04:08","date_gmt":"2020-07-08T14:04:08","guid":{"rendered":"http:\/\/www.sincomam.org.br\/?p=30367"},"modified":"2020-07-08T11:04:08","modified_gmt":"2020-07-08T14:04:08","slug":"novo-ciclone-leva-chuva-e-rajadas-de-ventos-ao-rio-grande-do-sul","status":"publish","type":"post","link":"https:\/\/www.sincomam.org.br\/index.php\/novo-ciclone-leva-chuva-e-rajadas-de-ventos-ao-rio-grande-do-sul\/","title":{"rendered":"Novo ciclone leva chuva e rajadas de ventos ao Rio Grande do Sul"},"content":{"rendered":"<p><strong><em>Porto Alegre ultrapassa m\u00e9dia hist\u00f3rica de volume de chuva de todo o m\u00eas de julho<\/em><\/strong><\/p>\n<p>A tempestade provocada por um novo ciclone extratropical causou transtornos em toda a regi\u00e3o Sul do Brasil. Segundo o Centro Integrado de Comando (CEIC), de ter\u00e7a-feira (7) para quarta-feira (8), choveu 122,4 mil\u00edmetros na Capital, chegando a m\u00e9dia hist\u00f3rica de volume de chuva de todo o m\u00eas de julho em apenas dois dias.<\/p>\n<p>O Instituto Nacional de Meteorologia emitiu ontem (7) um alerta vermelho (grau de severidade perigo) para \u00e1reas do Rio Grande do Sul e Santa Catarina, os dois estados que devem ser atingidos com maior intensidade pelo novo ciclone. \u201cChuva entre 30 e 60 mm\/h ou 50 e 100 mm\/dia, ventos intensos (60-100 km\/h), e queda de granizo. Risco de corte de energia el\u00e9trica, estragos em planta\u00e7\u00f5es, queda de \u00e1rvores e de alagamentos\u201d, informou o alerta de risco do Instituto.<\/p>\n<p>O ciclone tamb\u00e9m dar\u00e1 origem h\u00e1 uma forte frente fria a partir da quarta-feira (8), causando queda de temperatura no fim desta semana.<\/p>\n<p><strong>Ciclone extratropical <\/strong><\/p>\n<p>As proje\u00e7\u00f5es feitas pelos modelos de previs\u00e3o num\u00e9rica europeu (ECMWF) e pelo modelo norte americano (GFS) apontam para um ciclone menos intenso do que o que se formou no litoral do Rio Grande do Sul entre 30 de junho e 1 de julho de 2020. Mas isto n\u00e3o elimina o alto risco de temporais que podem ocorrer na Regi\u00e3o Sul novamente at\u00e9 o dia 8 de julho.<\/p>\n<p><strong>Leia tamb\u00e9m: <a href=\"https:\/\/www.sincomam.org.br\/index.php\/ciclone-bomba-fenomeno-provocou-destruicao-e-morte-no-rs\/\" target=\"_blank\" rel=\"noopener noreferrer\">Ciclone Bomba provoca destrui\u00e7\u00e3o e mortes em SC e no RS<\/a><\/strong><\/p>\n","protected":false},"excerpt":{"rendered":"<p>Porto Alegre ultrapassa m\u00e9dia hist\u00f3rica de volume de chuva de todo o m\u00eas de julho A tempestade provocada por um novo ciclone extratropical causou transtornos&#8230;<\/p>\n","protected":false},"author":1182,"featured_media":30368,"comment_status":"closed","ping_status":"closed","sticky":false,"template":"","format":"standard","meta":{"footnotes":""},"categories":[6],"tags":[1159,343,3359,100,167,3358,3357],"class_list":["post-30367","post","type-post","status-publish","format-standard","has-post-thumbnail","hentry","category-noticias","tag-chuva","tag-ciclone","tag-extratropical","tag-novo","tag-rio-grande-do-sul","tag-tempestade","tag-ventos"],"_links":{"self":[{"href":"https:\/\/www.sincomam.org.br\/index.php\/wp-json\/wp\/v2\/posts\/30367","targetHints":{"allow":["GET"]}}],"collection":[{"href":"https:\/\/www.sincomam.org.br\/index.php\/wp-json\/wp\/v2\/posts"}],"about":[{"href":"https:\/\/www.sincomam.org.br\/index.php\/wp-json\/wp\/v2\/types\/post"}],"author":[{"embeddable":true,"href":"https:\/\/www.sincomam.org.br\/index.php\/wp-json\/wp\/v2\/users\/1182"}],"replies":[{"embeddable":true,"href":"https:\/\/www.sincomam.org.br\/index.php\/wp-json\/wp\/v2\/comments?post=30367"}],"version-history":[{"count":1,"href":"https:\/\/www.sincomam.org.br\/index.php\/wp-json\/wp\/v2\/posts\/30367\/revisions"}],"predecessor-version":[{"id":30369,"href":"https:\/\/www.sincomam.org.br\/index.php\/wp-json\/wp\/v2\/posts\/30367\/revisions\/30369"}],"wp:featuredmedia":[{"embeddable":true,"href":"https:\/\/www.sincomam.org.br\/index.php\/wp-json\/wp\/v2\/media\/30368"}],"wp:attachment":[{"href":"https:\/\/www.sincomam.org.br\/index.php\/wp-json\/wp\/v2\/media?parent=30367"}],"wp:term":[{"taxonomy":"category","embeddable":true,"href":"https:\/\/www.sincomam.org.br\/index.php\/wp-json\/wp\/v2\/categories?post=30367"},{"taxonomy":"post_tag","embeddable":true,"href":"https:\/\/www.sincomam.org.br\/index.php\/wp-json\/wp\/v2\/tags?post=30367"}],"curies":[{"name":"wp","href":"https:\/\/api.w.org\/{rel}","templated":true}]}}