{"id":30359,"date":"2020-07-07T14:34:23","date_gmt":"2020-07-07T17:34:23","guid":{"rendered":"http:\/\/www.sincomam.org.br\/?p=30359"},"modified":"2020-07-07T15:27:54","modified_gmt":"2020-07-07T18:27:54","slug":"presidente-jair-bolsonaro-testa-positivo-para-covid-19","status":"publish","type":"post","link":"https:\/\/www.sincomam.org.br\/index.php\/presidente-jair-bolsonaro-testa-positivo-para-covid-19\/","title":{"rendered":"Presidente Jair Bolsonaro testa positivo para Covid-19"},"content":{"rendered":"<p><em><strong>Presidente disse que desconfiou que estava com coronav\u00edrus devido \u00e0 febre de 38 graus, mal-estar e dores no corpo<\/strong><\/em><\/p>\n<p>O presidente Jair Bolsonaro testou positivo para Covid-19. A revela\u00e7\u00e3o foi feita nesta ter\u00e7a-feira (7) pelo pr\u00f3prio chefe do Executivo, em entrevista \u00e0 TV Brasil. A Secretaria Especial de Comunica\u00e7\u00e3o Social (Secom) j\u00e1 tinha confirmado na noite de segunda-feira (6), por meio de nota, que Bolsonaro havia realizado o exame do coronav\u00edrus, em hospital de Bras\u00edlia. O presidente tem 65 anos e faz parte da faixa et\u00e1ria considerada por especialistas como grupo de risco.<\/p>\n<p>Bolsonaro afirmou que chegou a ter febre de 38 graus, mas que, \u00e0 noite, a temperatura come\u00e7ou a ceder. Relatou tamb\u00e9m que sentiu mal-estar e cansa\u00e7o. Ele confirmou que tomou hidroxicloroquina, rem\u00e9dio que vem defendendo como tratamento para a Covid-19.\u00a0Nesta ter\u00e7a-feira (7) disse, em v\u00eddeo divulgado na internet, que agora est\u00e1 se sentindo &#8220;perfeitamente bem&#8221;.<\/p>\n<p><em>&#8220;Estou evitando (contato), porque vim do hospital agora. Fiz uma chapa (exame de raio-x) de pulm\u00e3o. T\u00e1 limpo o pulm\u00e3o, est\u00e1 certo? Fui fazer exame do covid agora h\u00e1 pouco, mas t\u00e1 tudo bem&#8221;, acrescentou o presidente Bolsonaro, em v\u00eddeo divulgado nas suas redes sociais durante conversa com apoiadores.<\/em><\/p>\n<p>O Pal\u00e1cio do Planalto informou que a primeira-dama Michelle Bolsonaro, tamb\u00e9m fez o teste do Covid-19 e aguarda o resultado. A av\u00f3 de Michelle Bolsonaro teve uma piora no quadro de Covid-19, neste domingo (5), foi entubada e transferida para um leito de UTI do Hospital Regional de Santa Maria (DF).<\/p>\n<p><strong>Reuni\u00f5es<\/strong><\/p>\n<p>No \u00faltimo s\u00e1bado (4), o presidente almo\u00e7ou com o embaixador americano no Brasil, Todd Chapman, em Bras\u00edlia. Ele foi acompanhado por diversos ministros e todos posaram para fotos sem m\u00e1scara. Desde que retornou dos Estados Unidos, em mar\u00e7o, com o come\u00e7o da doen\u00e7a no pa\u00eds, o presidente e sua comitiva realizaram testes para verificar a presen\u00e7a do v\u00edrus.<\/p>\n<p><strong>Covid-19 no Brasil<\/strong><\/p>\n<p>O Brasil contabiliza 1.626.071 casos confirmados por coronav\u00edrus e chega a 65.556 mortes pela doen\u00e7a, apontou o levantamento feito pelo cons\u00f3rcio de ve\u00edculos de imprensa a partir de dados das secretarias estaduais de Sa\u00fade nesta segunda-feira (6). O pa\u00eds \u00e9 o 2\u00ba com os maiores n\u00fameros de \u00f3bitos e de infectados no mundo, atr\u00e1s apenas dos Estados Unidos, segundo dados da universidade Johns Hopkins.<\/p>\n<p>O Minist\u00e9rio da Sa\u00fade registrou, ontem (6), o total de 927.292 pessoas curadas do coronav\u00edrus em todo o pa\u00eds. O registro de pessoas curadas j\u00e1 representa mais da metade do total de casos acumulados (57,1%).<\/p>\n<p>Foto: Fotos P\u00fablicas\/F\u00e1bio Rodrigues &#8211; Presidente do Brasil, Jair Bolsonaro<\/p>\n","protected":false},"excerpt":{"rendered":"<p>Presidente disse que desconfiou que estava com coronav\u00edrus devido \u00e0 febre de 38 graus, mal-estar e dores no corpo O presidente Jair Bolsonaro testou positivo&#8230;<\/p>\n","protected":false},"author":1182,"featured_media":30360,"comment_status":"closed","ping_status":"closed","sticky":false,"template":"","format":"standard","meta":{"footnotes":""},"categories":[6],"tags":[3196,61,3355,2752,774,266,3269,2838,314,864,3356],"class_list":["post-30359","post","type-post","status-publish","format-standard","has-post-thumbnail","hentry","category-noticias","tag-bolsonaro","tag-brasil","tag-comitiva","tag-coronavirus","tag-embaixador","tag-eua","tag-infeccao","tag-positivo","tag-presidente","tag-teste","tag-todd-chapman"],"_links":{"self":[{"href":"https:\/\/www.sincomam.org.br\/index.php\/wp-json\/wp\/v2\/posts\/30359","targetHints":{"allow":["GET"]}}],"collection":[{"href":"https:\/\/www.sincomam.org.br\/index.php\/wp-json\/wp\/v2\/posts"}],"about":[{"href":"https:\/\/www.sincomam.org.br\/index.php\/wp-json\/wp\/v2\/types\/post"}],"author":[{"embeddable":true,"href":"https:\/\/www.sincomam.org.br\/index.php\/wp-json\/wp\/v2\/users\/1182"}],"replies":[{"embeddable":true,"href":"https:\/\/www.sincomam.org.br\/index.php\/wp-json\/wp\/v2\/comments?post=30359"}],"version-history":[{"count":3,"href":"https:\/\/www.sincomam.org.br\/index.php\/wp-json\/wp\/v2\/posts\/30359\/revisions"}],"predecessor-version":[{"id":30363,"href":"https:\/\/www.sincomam.org.br\/index.php\/wp-json\/wp\/v2\/posts\/30359\/revisions\/30363"}],"wp:featuredmedia":[{"embeddable":true,"href":"https:\/\/www.sincomam.org.br\/index.php\/wp-json\/wp\/v2\/media\/30360"}],"wp:attachment":[{"href":"https:\/\/www.sincomam.org.br\/index.php\/wp-json\/wp\/v2\/media?parent=30359"}],"wp:term":[{"taxonomy":"category","embeddable":true,"href":"https:\/\/www.sincomam.org.br\/index.php\/wp-json\/wp\/v2\/categories?post=30359"},{"taxonomy":"post_tag","embeddable":true,"href":"https:\/\/www.sincomam.org.br\/index.php\/wp-json\/wp\/v2\/tags?post=30359"}],"curies":[{"name":"wp","href":"https:\/\/api.w.org\/{rel}","templated":true}]}}