{"id":30347,"date":"2020-07-07T12:00:58","date_gmt":"2020-07-07T15:00:58","guid":{"rendered":"http:\/\/www.sincomam.org.br\/?p=30347"},"modified":"2020-07-07T12:02:14","modified_gmt":"2020-07-07T15:02:14","slug":"30347","status":"publish","type":"post","link":"https:\/\/www.sincomam.org.br\/index.php\/30347\/","title":{"rendered":"Militares da Unidade M\u00e9dica da Esquadra completam tr\u00eas meses na Opera\u00e7\u00e3o \u201cAcolhida\u201d"},"content":{"rendered":"<p><strong><em>(<\/em><em>foto) Suboficial Ver\u00e7oza durante atividades no N\u00facleo de Produ\u00e7\u00e3o e Divulga\u00e7\u00e3o da \u201cOpera\u00e7\u00e3o Acolhida\u201d<\/em><\/strong><\/p>\n<p>A Marinha divulgou informa\u00e7\u00f5es sobre a Opera\u00e7\u00e3o \u201cAcolhida\u201d, coordenada pelo Minist\u00e9rio da Defesa (MD), com o objetivo desempenhar atividades b\u00e1sicas que envolvam o acolhimento de imigrantes venezuelanos. Dois militares da Unidade M\u00e9dica da Esquadra (UMEsq) est\u00e3o atuando, desde mar\u00e7o, no 8\u00ba Contingente da Opera\u00e7\u00e3o \u201cAcolhida\u201d \u2013 For\u00e7a-Tarefa Log\u00edstica Humanit\u00e1ria, que acontece no estado de Roraima.<\/p>\n<p>Segundo a Marinha, foi adotado medidas sanit\u00e1rias para o enfrentamento ao novo coronav\u00edrus, incluindo a constru\u00e7\u00e3o da \u00c1rea de Prote\u00e7\u00e3o e Cuidados no Hospital de Campanha da opera\u00e7\u00e3o.<\/p>\n<p>A Capit\u00e3o-Tenente, m\u00e9dica, Marieli Ferreira da Cunha foi designada para atuar na equipe de administra\u00e7\u00e3o da constru\u00e7\u00e3o do Hospital de Campanha, onde est\u00e3o sendo atendidos imigrantes venezuelanos, povos ind\u00edgenas, al\u00e9m da popula\u00e7\u00e3o da cidade.<\/p>\n<p>J\u00e1 o Suboficial Edson Cleber Ver\u00e7oza Barbosa exerce a fun\u00e7\u00e3o de Chefe da subse\u00e7\u00e3o do N\u00facleo de Produ\u00e7\u00e3o e Divulga\u00e7\u00e3o da \u201cAcolhida\u201d, onde \u00e9 respons\u00e1vel por todas as fotografias e filmagens que s\u00e3o enviadas para divulga\u00e7\u00e3o nas redes sociais do Minist\u00e9rio da Defesa, da Funda\u00e7\u00e3o Nacional do \u00cdndio, al\u00e9m de diversos \u00f3rg\u00e3os internacionais.<\/p>\n<p>Atualmente, o hospital conta com 174 leitos, com equipes atuando na expans\u00e3o para 782, dentre os quais, 70 leitos de Unidade de Tratamento Intensivo (UTI). Al\u00e9m das atribui\u00e7\u00f5es administrativas, a oficial atua como Cirurgi\u00e3-Dentista, com destaque em atendimento para pacientes com defici\u00eancia.<\/p>\n<p><strong>Sobre a Opera\u00e7\u00e3o<\/strong><\/p>\n<p>A For\u00e7a-Tarefa Log\u00edstica Humanit\u00e1ria, criada no \u00e2mbito da \u201cOpera\u00e7\u00e3o Acolhida\u201d e composta por militares das tr\u00eas For\u00e7as, vem executando a miss\u00e3o conjunta, interag\u00eancias e de natureza humanit\u00e1ria, que visa oferecer condi\u00e7\u00f5es dignas aos imigrantes oriundos da Venezuela em situa\u00e7\u00e3o de vulnerabilidade social.<\/p>\n<p>Atualmente, a opera\u00e7\u00e3o mant\u00e9m, com recursos do Minist\u00e9rio da Defesa, 13 abrigos, 2 centros de triagem, 1 alojamento de passagem, 1 centro de informa\u00e7\u00e3o com guarda-volume e 1 posto avan\u00e7ado do hospital de campanha. As instala\u00e7\u00f5es s\u00e3o nas cidades de Boa Vista, Pacaraima-RR, e Manaus-AM.<\/p>\n<p>*Com informa\u00e7\u00f5es da Marinha do Brasil<\/p>\n","protected":false},"excerpt":{"rendered":"<p>(foto) Suboficial Ver\u00e7oza durante atividades no N\u00facleo de Produ\u00e7\u00e3o e Divulga\u00e7\u00e3o da \u201cOpera\u00e7\u00e3o Acolhida\u201d A Marinha divulgou informa\u00e7\u00f5es sobre a Opera\u00e7\u00e3o \u201cAcolhida\u201d, coordenada pelo Minist\u00e9rio&#8230;<\/p>\n","protected":false},"author":1182,"featured_media":30348,"comment_status":"closed","ping_status":"closed","sticky":false,"template":"","format":"standard","meta":{"footnotes":""},"categories":[6],"tags":[3348,61,3350,2752,972,3349,2888,3212,15,692,378,377,1284],"class_list":["post-30347","post","type-post","status-publish","format-standard","has-post-thumbnail","hentry","category-noticias","tag-acolhida","tag-brasil","tag-convid-19","tag-coronavirus","tag-defesa","tag-fronteira","tag-hospital","tag-informacao","tag-marinha","tag-militares","tag-ministerio","tag-operacao","tag-venezuela"],"_links":{"self":[{"href":"https:\/\/www.sincomam.org.br\/index.php\/wp-json\/wp\/v2\/posts\/30347","targetHints":{"allow":["GET"]}}],"collection":[{"href":"https:\/\/www.sincomam.org.br\/index.php\/wp-json\/wp\/v2\/posts"}],"about":[{"href":"https:\/\/www.sincomam.org.br\/index.php\/wp-json\/wp\/v2\/types\/post"}],"author":[{"embeddable":true,"href":"https:\/\/www.sincomam.org.br\/index.php\/wp-json\/wp\/v2\/users\/1182"}],"replies":[{"embeddable":true,"href":"https:\/\/www.sincomam.org.br\/index.php\/wp-json\/wp\/v2\/comments?post=30347"}],"version-history":[{"count":2,"href":"https:\/\/www.sincomam.org.br\/index.php\/wp-json\/wp\/v2\/posts\/30347\/revisions"}],"predecessor-version":[{"id":30350,"href":"https:\/\/www.sincomam.org.br\/index.php\/wp-json\/wp\/v2\/posts\/30347\/revisions\/30350"}],"wp:featuredmedia":[{"embeddable":true,"href":"https:\/\/www.sincomam.org.br\/index.php\/wp-json\/wp\/v2\/media\/30348"}],"wp:attachment":[{"href":"https:\/\/www.sincomam.org.br\/index.php\/wp-json\/wp\/v2\/media?parent=30347"}],"wp:term":[{"taxonomy":"category","embeddable":true,"href":"https:\/\/www.sincomam.org.br\/index.php\/wp-json\/wp\/v2\/categories?post=30347"},{"taxonomy":"post_tag","embeddable":true,"href":"https:\/\/www.sincomam.org.br\/index.php\/wp-json\/wp\/v2\/tags?post=30347"}],"curies":[{"name":"wp","href":"https:\/\/api.w.org\/{rel}","templated":true}]}}