{"id":30341,"date":"2020-07-07T10:36:53","date_gmt":"2020-07-07T13:36:53","guid":{"rendered":"http:\/\/www.sincomam.org.br\/?p=30341"},"modified":"2020-07-07T10:36:53","modified_gmt":"2020-07-07T13:36:53","slug":"nascidos-em-fevereiro-podem-sacar-auxilio-emergencial-do-3o-lote","status":"publish","type":"post","link":"https:\/\/www.sincomam.org.br\/index.php\/nascidos-em-fevereiro-podem-sacar-auxilio-emergencial-do-3o-lote\/","title":{"rendered":"Nascidos em fevereiro podem sacar aux\u00edlio emergencial do 3\u00ba lote"},"content":{"rendered":"<p><strong><em>Recursos s\u00e3o transferidos automaticamente para as contas indicadas<\/em><\/strong><\/p>\n<p>Cerca de 400 mil benefici\u00e1rios do aux\u00edlio emergencial, contemplados no terceiro lote do benef\u00edcio, podem sacar hoje (7) os recursos da primeira parcela. O saque est\u00e1 liberado para os nascidos em fevereiro.<\/p>\n<p>O aux\u00edlio, com parcelas de R$ 600 (R$ 1,2 mil para m\u00e3es solteiras), foi criado para reduzir os efeitos da crise econ\u00f4mica causada pela pandemia de covid-19. A libera\u00e7\u00e3o do saque e a transfer\u00eancia da poupan\u00e7a social da Caixa para outros bancos est\u00e3o sendo feitas de acordo com o m\u00eas de nascimento dos benefici\u00e1rios. Os recursos s\u00e3o transferidos automaticamente para as contas indicadas.<\/p>\n<p><strong>O calend\u00e1rio de saque segue o seguinte cronograma: <\/strong><\/p>\n<ul>\n<li>Segunda-feira (6), recebe os nascidos em janeiro;<\/li>\n<li>Quarta-feira (8), poder\u00e3o sacar os nascidos em mar\u00e7o;<\/li>\n<li>Quinta-feira (9), nascidos em abril;<\/li>\n<li>Sexta-feira (10), nascidos em maio;<\/li>\n<li>S\u00e1bado (11), nascidos em junho;<\/li>\n<li>Segunda-feira (13), nascidos em julho;<\/li>\n<li>Ter\u00e7a-feira (14), nascidos em agosto;<\/li>\n<li>Quarta-feira (15), nascidos em setembro;<\/li>\n<li>Quinta-feira (16), nascidos em outubro;<\/li>\n<li>Sexta-feira (17), nascidos em novembro;<\/li>\n<li>S\u00e1bado (18), nascidos em dezembro.<\/li>\n<\/ul>\n<p>No total, o saque ser\u00e1 liberado para cerca de 4,8 milh\u00f5es de pessoas.<\/p>\n<p>Fonte: Ag\u00eancia Brasil<\/p>\n","protected":false},"excerpt":{"rendered":"<p>Recursos s\u00e3o transferidos automaticamente para as contas indicadas Cerca de 400 mil benefici\u00e1rios do aux\u00edlio emergencial, contemplados no terceiro lote do benef\u00edcio, podem sacar hoje&#8230;<\/p>\n","protected":false},"author":1182,"featured_media":4097,"comment_status":"closed","ping_status":"closed","sticky":false,"template":"","format":"standard","meta":{"footnotes":""},"categories":[6],"tags":[1757,390,432,951,443],"class_list":["post-30341","post","type-post","status-publish","format-standard","has-post-thumbnail","hentry","category-noticias","tag-auxilio","tag-caixa","tag-emergencial","tag-lote","tag-terceiro"],"_links":{"self":[{"href":"https:\/\/www.sincomam.org.br\/index.php\/wp-json\/wp\/v2\/posts\/30341","targetHints":{"allow":["GET"]}}],"collection":[{"href":"https:\/\/www.sincomam.org.br\/index.php\/wp-json\/wp\/v2\/posts"}],"about":[{"href":"https:\/\/www.sincomam.org.br\/index.php\/wp-json\/wp\/v2\/types\/post"}],"author":[{"embeddable":true,"href":"https:\/\/www.sincomam.org.br\/index.php\/wp-json\/wp\/v2\/users\/1182"}],"replies":[{"embeddable":true,"href":"https:\/\/www.sincomam.org.br\/index.php\/wp-json\/wp\/v2\/comments?post=30341"}],"version-history":[{"count":1,"href":"https:\/\/www.sincomam.org.br\/index.php\/wp-json\/wp\/v2\/posts\/30341\/revisions"}],"predecessor-version":[{"id":30342,"href":"https:\/\/www.sincomam.org.br\/index.php\/wp-json\/wp\/v2\/posts\/30341\/revisions\/30342"}],"wp:featuredmedia":[{"embeddable":true,"href":"https:\/\/www.sincomam.org.br\/index.php\/wp-json\/wp\/v2\/media\/4097"}],"wp:attachment":[{"href":"https:\/\/www.sincomam.org.br\/index.php\/wp-json\/wp\/v2\/media?parent=30341"}],"wp:term":[{"taxonomy":"category","embeddable":true,"href":"https:\/\/www.sincomam.org.br\/index.php\/wp-json\/wp\/v2\/categories?post=30341"},{"taxonomy":"post_tag","embeddable":true,"href":"https:\/\/www.sincomam.org.br\/index.php\/wp-json\/wp\/v2\/tags?post=30341"}],"curies":[{"name":"wp","href":"https:\/\/api.w.org\/{rel}","templated":true}]}}