{"id":30337,"date":"2020-07-06T12:28:07","date_gmt":"2020-07-06T15:28:07","guid":{"rendered":"http:\/\/www.sincomam.org.br\/?p=30337"},"modified":"2020-07-06T12:29:29","modified_gmt":"2020-07-06T15:29:29","slug":"subsea-7-anuncia-corte-de-3000-empregos-e-a-reducao-da-frota-de-navios","status":"publish","type":"post","link":"https:\/\/www.sincomam.org.br\/index.php\/subsea-7-anuncia-corte-de-3000-empregos-e-a-reducao-da-frota-de-navios\/","title":{"rendered":"Subsea 7 anuncia corte de 3000 empregos e a redu\u00e7\u00e3o da frota de navios"},"content":{"rendered":"<p><strong><em>Empresa divulga detalhes do programa de redu\u00e7\u00e3o de custos, seguindo as orienta\u00e7\u00f5es iniciais fornecidas em 30 de abril<\/em><\/strong><\/p>\n<p>A Subsea 7, companhia l\u00edder global na entrega de projetos e servi\u00e7os offshore, anunciou que a redu\u00e7\u00e3o do n\u00famero de funcion\u00e1rios ser\u00e1 de aproximadamente 3.000 empregados da for\u00e7a de trabalho global de 12.000, at\u00e9 o final do segundo trimestre de 2021 &#8211; informou a empresa em comunicado.<\/p>\n<p>A frota ativa de 32 navios tamb\u00e9m ser\u00e1 reduzida em at\u00e9 10 navios por meio da n\u00e3o renova\u00e7\u00e3o da tonelagem fretada e do empilhamento de ativos pr\u00f3prios. De acordo com a Subsea 7, a remodela\u00e7\u00e3o da frota deve ocorrer nos pr\u00f3ximos 12 meses.<\/p>\n<p><em>\u201cPrev\u00ea-se que dois ter\u00e7os da redu\u00e7\u00e3o afetariam a for\u00e7a de trabalho n\u00e3o permanente e um ter\u00e7o da redu\u00e7\u00e3o afetaria empregados permanentes. As discuss\u00f5es com os representantes dos funcion\u00e1rios ocorrer\u00e3o localmente e as consultas come\u00e7ar\u00e3o em breve\u201d, afirma a empresa no comunicado.<\/em><\/p>\n<p>Essas medidas visam reduzir US$ 400 milh\u00f5es em economia anual de custos de caixa a partir do segundo trimestre de 2021. As despesas de capital devem alcan\u00e7ar n\u00edveis m\u00ednimos em 2021 e 2022.<\/p>\n<p>As informa\u00e7\u00f5es constam no site da Subsea 7 e foram traduzidas do ingl\u00eas para o portugu\u00eas<\/p>\n","protected":false},"excerpt":{"rendered":"<p>Empresa divulga detalhes do programa de redu\u00e7\u00e3o de custos, seguindo as orienta\u00e7\u00f5es iniciais fornecidas em 30 de abril A Subsea 7, companhia l\u00edder global na&#8230;<\/p>\n","protected":false},"author":1182,"featured_media":30338,"comment_status":"closed","ping_status":"closed","sticky":false,"template":"","format":"standard","meta":{"footnotes":""},"categories":[6],"tags":[1502,2791,878,117,767,1861],"class_list":["post-30337","post","type-post","status-publish","format-standard","has-post-thumbnail","hentry","category-noticias","tag-demissao","tag-empregados","tag-frota","tag-navios","tag-reducao","tag-subsea-7"],"_links":{"self":[{"href":"https:\/\/www.sincomam.org.br\/index.php\/wp-json\/wp\/v2\/posts\/30337","targetHints":{"allow":["GET"]}}],"collection":[{"href":"https:\/\/www.sincomam.org.br\/index.php\/wp-json\/wp\/v2\/posts"}],"about":[{"href":"https:\/\/www.sincomam.org.br\/index.php\/wp-json\/wp\/v2\/types\/post"}],"author":[{"embeddable":true,"href":"https:\/\/www.sincomam.org.br\/index.php\/wp-json\/wp\/v2\/users\/1182"}],"replies":[{"embeddable":true,"href":"https:\/\/www.sincomam.org.br\/index.php\/wp-json\/wp\/v2\/comments?post=30337"}],"version-history":[{"count":2,"href":"https:\/\/www.sincomam.org.br\/index.php\/wp-json\/wp\/v2\/posts\/30337\/revisions"}],"predecessor-version":[{"id":30340,"href":"https:\/\/www.sincomam.org.br\/index.php\/wp-json\/wp\/v2\/posts\/30337\/revisions\/30340"}],"wp:featuredmedia":[{"embeddable":true,"href":"https:\/\/www.sincomam.org.br\/index.php\/wp-json\/wp\/v2\/media\/30338"}],"wp:attachment":[{"href":"https:\/\/www.sincomam.org.br\/index.php\/wp-json\/wp\/v2\/media?parent=30337"}],"wp:term":[{"taxonomy":"category","embeddable":true,"href":"https:\/\/www.sincomam.org.br\/index.php\/wp-json\/wp\/v2\/categories?post=30337"},{"taxonomy":"post_tag","embeddable":true,"href":"https:\/\/www.sincomam.org.br\/index.php\/wp-json\/wp\/v2\/tags?post=30337"}],"curies":[{"name":"wp","href":"https:\/\/api.w.org\/{rel}","templated":true}]}}