{"id":30328,"date":"2020-07-06T11:03:56","date_gmt":"2020-07-06T14:03:56","guid":{"rendered":"http:\/\/www.sincomam.org.br\/?p=30328"},"modified":"2020-07-06T11:03:56","modified_gmt":"2020-07-06T14:03:56","slug":"centro-tecnologico-do-corpo-de-fuzileiros-navais-recebe-visita-do-comandante-da-marinha","status":"publish","type":"post","link":"https:\/\/www.sincomam.org.br\/index.php\/centro-tecnologico-do-corpo-de-fuzileiros-navais-recebe-visita-do-comandante-da-marinha\/","title":{"rendered":"Centro Tecnol\u00f3gico do Corpo de Fuzileiros Navais recebe visita do Comandante da Marinha"},"content":{"rendered":"<p><em><strong>Centro entrega materiais e equipamentos \u00fateis ao enfrentamento da pandemia, tais como, kits\u00a0hospitalares,\u00a0dispenser de \u00e1lcool em gel, videolaringosc\u00f3pios e itens de prote\u00e7\u00e3o em acr\u00edlico<\/strong><\/em><\/p>\n<p>A Marinha informa que o Centro Tecnol\u00f3gico do Corpo de Fuzileiros Navais (CTecCFN) recebeu a visita do Comandante da Marinha, Almirante de Esquadra Ilques Barbosa Junior, acompanhado pelo Comandante-Geral do Corpo de Fuzileiros Navais, Almirante de Esquadra (FN) Paulo Martino Zuccaro, e pelo Comandante do Material do CFN, Vice-Almirante (FN) Renato Rangel Ferreira.<\/p>\n<p>Na ocasi\u00e3o, os Almirantes percorreram as instala\u00e7\u00f5es da Organiza\u00e7\u00e3o Militar (OM), uma das que, no contexto do combate \u00e0 Covid-19, est\u00e1 \u00e0 frente do trabalho de pesquisa e desenvolvimento de equipamentos de prote\u00e7\u00e3o individual e de dispositivos hospitalares voltados \u00e0s unidades de sa\u00fade.<\/p>\n<p>No Departamento de Ci\u00eancia, Tecnologia e Inova\u00e7\u00e3o da OM, o Almirante Ilques p\u00f4de conhecer os prot\u00f3tipos que estavam \u00e0 mostra no Laborat\u00f3rio 3D do Centro, que s\u00e3o o Helmet, de press\u00e3o positiva para oxigena\u00e7\u00e3o de pacientes sem intuba\u00e7\u00e3o, e o R Kid, aparelho para prote\u00e7\u00e3o de profissionais da sa\u00fade contra a contamina\u00e7\u00e3o.<\/p>\n<p>Durante o evento, os Almirantes visitaram, ainda, o projeto de amplia\u00e7\u00e3o do Centro de Intend\u00eancia da Marinha em Parada de Lucas (CeIMPL), criado em janeiro deste ano e situado naquele mesmo complexo naval. O CeIMPL tem como prop\u00f3sito contribuir para a prontid\u00e3o dos meios navais, aeronavais e de fuzileiros navais, assumindo a fun\u00e7\u00e3o de \u00d3rg\u00e3o de Distribui\u00e7\u00e3o, tarefa at\u00e9 ent\u00e3o exercida pelo pr\u00f3prio CtecCFN.<\/p>\n<p>*Com informa\u00e7\u00f5es da Marinha do Brasil<\/p>\n","protected":false},"excerpt":{"rendered":"<p>Centro entrega materiais e equipamentos \u00fateis ao enfrentamento da pandemia, tais como, kits\u00a0hospitalares,\u00a0dispenser de \u00e1lcool em gel, videolaringosc\u00f3pios e itens de prote\u00e7\u00e3o em acr\u00edlico A&#8230;<\/p>\n","protected":false},"author":1182,"featured_media":30329,"comment_status":"closed","ping_status":"closed","sticky":false,"template":"","format":"standard","meta":{"footnotes":""},"categories":[6],"tags":[93,1168,2752,2961,922,1662,15,1663,702,373],"class_list":["post-30328","post","type-post","status-publish","format-standard","has-post-thumbnail","hentry","category-noticias","tag-centro","tag-comandante","tag-coronavirus","tag-corpo","tag-evento","tag-fuzileiros","tag-marinha","tag-navais","tag-tecnologico","tag-visita"],"_links":{"self":[{"href":"https:\/\/www.sincomam.org.br\/index.php\/wp-json\/wp\/v2\/posts\/30328","targetHints":{"allow":["GET"]}}],"collection":[{"href":"https:\/\/www.sincomam.org.br\/index.php\/wp-json\/wp\/v2\/posts"}],"about":[{"href":"https:\/\/www.sincomam.org.br\/index.php\/wp-json\/wp\/v2\/types\/post"}],"author":[{"embeddable":true,"href":"https:\/\/www.sincomam.org.br\/index.php\/wp-json\/wp\/v2\/users\/1182"}],"replies":[{"embeddable":true,"href":"https:\/\/www.sincomam.org.br\/index.php\/wp-json\/wp\/v2\/comments?post=30328"}],"version-history":[{"count":1,"href":"https:\/\/www.sincomam.org.br\/index.php\/wp-json\/wp\/v2\/posts\/30328\/revisions"}],"predecessor-version":[{"id":30330,"href":"https:\/\/www.sincomam.org.br\/index.php\/wp-json\/wp\/v2\/posts\/30328\/revisions\/30330"}],"wp:featuredmedia":[{"embeddable":true,"href":"https:\/\/www.sincomam.org.br\/index.php\/wp-json\/wp\/v2\/media\/30329"}],"wp:attachment":[{"href":"https:\/\/www.sincomam.org.br\/index.php\/wp-json\/wp\/v2\/media?parent=30328"}],"wp:term":[{"taxonomy":"category","embeddable":true,"href":"https:\/\/www.sincomam.org.br\/index.php\/wp-json\/wp\/v2\/categories?post=30328"},{"taxonomy":"post_tag","embeddable":true,"href":"https:\/\/www.sincomam.org.br\/index.php\/wp-json\/wp\/v2\/tags?post=30328"}],"curies":[{"name":"wp","href":"https:\/\/api.w.org\/{rel}","templated":true}]}}