{"id":30326,"date":"2020-07-06T10:50:34","date_gmt":"2020-07-06T13:50:34","guid":{"rendered":"http:\/\/www.sincomam.org.br\/?p=30326"},"modified":"2020-07-06T10:50:34","modified_gmt":"2020-07-06T13:50:34","slug":"petrobras-anuncia-novidades-nos-programas-de-desligamentos","status":"publish","type":"post","link":"https:\/\/www.sincomam.org.br\/index.php\/petrobras-anuncia-novidades-nos-programas-de-desligamentos\/","title":{"rendered":"Petrobras anuncia novidades nos Programas de Desligamentos"},"content":{"rendered":"<p><strong><em>PDV 2019 foi o primeiro a encerrar o ciclo de inscri\u00e7\u00f5es dos empregados no dia 30 de junho deste ano<\/em><\/strong><\/p>\n<p>A Petrobras divulgou, em nota, a atualiza\u00e7\u00e3o das informa\u00e7\u00f5es sobre os Programas de Desligamentos Volunt\u00e1rios (PDVs) e o Programa de Aposentadoria Incentivada (PAI) implementados pela companhia como parte das a\u00e7\u00f5es de resili\u00eancia, com objetivo de maximizar a gera\u00e7\u00e3o de valor para os acionistas.<\/p>\n<p>Al\u00e9m do PAI, programa de desligamento voltado aos empregados aposent\u00e1veis com vig\u00eancia at\u00e9 31\/12\/2023, a companhia informou que implementou tr\u00eas outros PDVs: (i) PDV 2019 destinado aos aposentados pelo INSS at\u00e9 a data de promulga\u00e7\u00e3o da PEC 133 de 2019; (ii) PDV espec\u00edfico para empregados lotados em ativos\/unidades em processo de desinvestimento; (iii) PDV exclusivo para os empregados que trabalham no segmento corporativo da empresa.<\/p>\n<p>Segundo a estatal, o pacote de programas obteve uma \u00f3tima ades\u00e3o dos empregados. &#8220;Os programas de desligamento volunt\u00e1rio foram elaborados com a preocupa\u00e7\u00e3o principal de respeitar o direito de livre escolha de nossos colaboradores. O resultado do PDV 2019 foi extremamente positivo com 94% de ades\u00e3o, dos 10.053 empregados eleg\u00edveis, tivemos 9.405 inscritos. Consolidando os demais programas atingimos 10.082 inscri\u00e7\u00f5es, o que representa 22% do atual quadro de empregados. Desse modo, contribuindo para a redu\u00e7\u00e3o permanente da estrutura de custos da companhia, o que nos ajuda a enfrentar com sucesso um cen\u00e1rio de pre\u00e7os mais baixos do petr\u00f3leo no longo prazo\u201d, disse o presidente da Petrobras, Roberto Castello Branco.<\/p>\n<p><strong>Redu\u00e7\u00e3o de custos<\/strong><\/p>\n<p>A Petrobras estima uma redu\u00e7\u00e3o de custo de pessoal at\u00e9 2025 em torno de R$ 4 bilh\u00f5es por ano com a sa\u00edda dos 10.082 inscritos nos programas. O retorno adicional (custo evitado de pessoal de R$ 22 bilh\u00f5es menos o desembolso com as indeniza\u00e7\u00f5es de R$ 4 bilh\u00f5es) ser\u00e1 de aproximadamente R$ 18 bilh\u00f5es at\u00e9 2025.<\/p>\n<p>A estatal destacou em comunicado que, o impacto esperado das indeniza\u00e7\u00f5es no caixa da companhia n\u00e3o ser\u00e1 imediato em 2020, mas sim dilu\u00eddo ao longo dos pr\u00f3ximos tr\u00eas anos.<\/p>\n<p>*Com informa\u00e7\u00f5es da Ag\u00eancia Petrobras<\/p>\n","protected":false},"excerpt":{"rendered":"<p>PDV 2019 foi o primeiro a encerrar o ciclo de inscri\u00e7\u00f5es dos empregados no dia 30 de junho deste ano A Petrobras divulgou, em nota,&#8230;<\/p>\n","protected":false},"author":1182,"featured_media":28309,"comment_status":"closed","ping_status":"closed","sticky":false,"template":"","format":"standard","meta":{"footnotes":""},"categories":[6],"tags":[2760,705,1502,3341,217,3342,3293,58,288,767],"class_list":["post-30326","post","type-post","status-publish","format-standard","has-post-thumbnail","hentry","category-noticias","tag-atualizacao","tag-custos","tag-demissao","tag-desligamentos","tag-funcionarios","tag-pai","tag-pdv","tag-petrobras","tag-programas","tag-reducao"],"_links":{"self":[{"href":"https:\/\/www.sincomam.org.br\/index.php\/wp-json\/wp\/v2\/posts\/30326","targetHints":{"allow":["GET"]}}],"collection":[{"href":"https:\/\/www.sincomam.org.br\/index.php\/wp-json\/wp\/v2\/posts"}],"about":[{"href":"https:\/\/www.sincomam.org.br\/index.php\/wp-json\/wp\/v2\/types\/post"}],"author":[{"embeddable":true,"href":"https:\/\/www.sincomam.org.br\/index.php\/wp-json\/wp\/v2\/users\/1182"}],"replies":[{"embeddable":true,"href":"https:\/\/www.sincomam.org.br\/index.php\/wp-json\/wp\/v2\/comments?post=30326"}],"version-history":[{"count":1,"href":"https:\/\/www.sincomam.org.br\/index.php\/wp-json\/wp\/v2\/posts\/30326\/revisions"}],"predecessor-version":[{"id":30327,"href":"https:\/\/www.sincomam.org.br\/index.php\/wp-json\/wp\/v2\/posts\/30326\/revisions\/30327"}],"wp:featuredmedia":[{"embeddable":true,"href":"https:\/\/www.sincomam.org.br\/index.php\/wp-json\/wp\/v2\/media\/28309"}],"wp:attachment":[{"href":"https:\/\/www.sincomam.org.br\/index.php\/wp-json\/wp\/v2\/media?parent=30326"}],"wp:term":[{"taxonomy":"category","embeddable":true,"href":"https:\/\/www.sincomam.org.br\/index.php\/wp-json\/wp\/v2\/categories?post=30326"},{"taxonomy":"post_tag","embeddable":true,"href":"https:\/\/www.sincomam.org.br\/index.php\/wp-json\/wp\/v2\/tags?post=30326"}],"curies":[{"name":"wp","href":"https:\/\/api.w.org\/{rel}","templated":true}]}}