{"id":30321,"date":"2020-07-06T10:25:19","date_gmt":"2020-07-06T13:25:19","guid":{"rendered":"http:\/\/www.sincomam.org.br\/?p=30321"},"modified":"2020-07-06T10:25:19","modified_gmt":"2020-07-06T13:25:19","slug":"inss-prorroga-antecipacao-do-bpc-e-auxilio-doenca-ate-31-de-outubro","status":"publish","type":"post","link":"https:\/\/www.sincomam.org.br\/index.php\/inss-prorroga-antecipacao-do-bpc-e-auxilio-doenca-ate-31-de-outubro\/","title":{"rendered":"INSS prorroga antecipa\u00e7\u00e3o do BPC e aux\u00edlio-doen\u00e7a at\u00e9 31 de outubro"},"content":{"rendered":"<p><strong><em>Medida visa evitar aglomera\u00e7\u00f5es nas ag\u00eancias durante a pandemia<\/em><\/strong><\/p>\n<p>O governo federal publicou um decreto autorizando o Instituto Nacional do Seguro Social (INSS) a pagar antecipa\u00e7\u00f5es de aux\u00edlios-doen\u00e7a e do Benef\u00edcio de Presta\u00e7\u00e3o Continuada (BPC). A medida, publicada em se\u00e7\u00e3o extra do Di\u00e1rio Oficial da Uni\u00e3o (DOU) dessa quinta-feira (2), determina que as antecipa\u00e7\u00f5es ser\u00e3o pagas at\u00e9 o dia 31 de outubro.<\/p>\n<p>A Lei n\u00ba 13.982, que trata da autoriza\u00e7\u00e3o para antecipar o pagamento, estabeleceu o prazo de tr\u00eas meses, a partir de abril, para o pagamento de um sal\u00e1rio-m\u00ednimo por m\u00eas para benefici\u00e1rios do BPC e do aux\u00edlio-doen\u00e7a. A prorroga\u00e7\u00e3o publicada ontem tem por objetivo evitar a aglomera\u00e7\u00e3o de pessoas para atendimento presencial nas ag\u00eancias do INSS, em raz\u00e3o da pandemia do novo coronav\u00edrus (covid-19).<\/p>\n<p>De acordo com o decreto, a concess\u00e3o da antecipa\u00e7\u00e3o do aux\u00edlio-doen\u00e7a no valor de um sal\u00e1rio m\u00ednimo (R$ 1.045,00) se dar\u00e1 sem a realiza\u00e7\u00e3o de per\u00edcia m\u00e9dica. Para solicitar o benef\u00edcio, o segurado deve anexar atestado m\u00e9dico junto ao requerimento, mediante declara\u00e7\u00e3o de responsabilidade pelo documento apresentado, por meio do portal ou aplicativo\u00a0<a href=\"https:\/\/www.inss.gov.br\/servicos-do-inss\/meu-inss\/\" target=\"_blank\" rel=\"noopener noreferrer\"><strong>Meu INSS.<\/strong><\/a><\/p>\n<p>&#8220;O atestado m\u00e9dico dever\u00e1 ser leg\u00edvel e sem rasuras e dever\u00e1 conter as seguintes informa\u00e7\u00f5es: assinatura e carimbo do m\u00e9dico, com registro do Conselho Regional de Medicina (CRM); informa\u00e7\u00f5es sobre a doen\u00e7a ou a respectiva numera\u00e7\u00e3o da Classifica\u00e7\u00e3o Internacional de Doen\u00e7as (CID); e prazo estimado do repouso necess\u00e1rio&#8221;, informou o INSS.<\/p>\n<p>O INSS informou ainda que a concess\u00e3o do aux\u00edlio-doen\u00e7a continuar\u00e1 considerando os requisitos necess\u00e1rios, como car\u00eancia, para que o segurado tenha direito ao benef\u00edcio. Caso o valor do aux\u00edlio doen\u00e7a devido ao segurado ultrapasse um sal\u00e1rio m\u00ednimo, a diferen\u00e7a ser\u00e1 paga posteriormente em uma \u00fanica parcela.<\/p>\n<p>No caso do BPC, o INSS disse que a antecipa\u00e7\u00e3o do benef\u00edcio ser\u00e1 paga com base nos dados de inscri\u00e7\u00e3o no Cadastro \u00danico do Governo Federal (Cad\u00danico) e no Cadastro de Pessoas F\u00edsicas (CPF).<\/p>\n<p>&#8220;Al\u00e9m disso, para ter direito \u00e0 antecipa\u00e7\u00e3o, o requerente deve se enquadrar nas regras de renda relacionadas ao grupo familiar, que pode ser de at\u00e9 um quarto do sal\u00e1rio-m\u00ednimo. Vale destacar que a antecipa\u00e7\u00e3o do valor acima mencionado se encerrar\u00e1 t\u00e3o logo seja feita a avalia\u00e7\u00e3o definitiva do requerimento de BPC&#8221;, informou o INSS.<\/p>\n<p>Fonte: Ag\u00eancia Brasil<\/p>\n","protected":false},"excerpt":{"rendered":"<p>Medida visa evitar aglomera\u00e7\u00f5es nas ag\u00eancias durante a pandemia O governo federal publicou um decreto autorizando o Instituto Nacional do Seguro Social (INSS) a pagar&#8230;<\/p>\n","protected":false},"author":1182,"featured_media":29325,"comment_status":"closed","ping_status":"closed","sticky":false,"template":"","format":"standard","meta":{"footnotes":""},"categories":[6],"tags":[3236,1757,390,2752,2751,1458,1839,516],"class_list":["post-30321","post","type-post","status-publish","format-standard","has-post-thumbnail","hentry","category-noticias","tag-antecipacao","tag-auxilio","tag-caixa","tag-coronavirus","tag-covid-19","tag-doenca","tag-inss","tag-medida"],"_links":{"self":[{"href":"https:\/\/www.sincomam.org.br\/index.php\/wp-json\/wp\/v2\/posts\/30321","targetHints":{"allow":["GET"]}}],"collection":[{"href":"https:\/\/www.sincomam.org.br\/index.php\/wp-json\/wp\/v2\/posts"}],"about":[{"href":"https:\/\/www.sincomam.org.br\/index.php\/wp-json\/wp\/v2\/types\/post"}],"author":[{"embeddable":true,"href":"https:\/\/www.sincomam.org.br\/index.php\/wp-json\/wp\/v2\/users\/1182"}],"replies":[{"embeddable":true,"href":"https:\/\/www.sincomam.org.br\/index.php\/wp-json\/wp\/v2\/comments?post=30321"}],"version-history":[{"count":1,"href":"https:\/\/www.sincomam.org.br\/index.php\/wp-json\/wp\/v2\/posts\/30321\/revisions"}],"predecessor-version":[{"id":30322,"href":"https:\/\/www.sincomam.org.br\/index.php\/wp-json\/wp\/v2\/posts\/30321\/revisions\/30322"}],"wp:featuredmedia":[{"embeddable":true,"href":"https:\/\/www.sincomam.org.br\/index.php\/wp-json\/wp\/v2\/media\/29325"}],"wp:attachment":[{"href":"https:\/\/www.sincomam.org.br\/index.php\/wp-json\/wp\/v2\/media?parent=30321"}],"wp:term":[{"taxonomy":"category","embeddable":true,"href":"https:\/\/www.sincomam.org.br\/index.php\/wp-json\/wp\/v2\/categories?post=30321"},{"taxonomy":"post_tag","embeddable":true,"href":"https:\/\/www.sincomam.org.br\/index.php\/wp-json\/wp\/v2\/tags?post=30321"}],"curies":[{"name":"wp","href":"https:\/\/api.w.org\/{rel}","templated":true}]}}