{"id":30298,"date":"2020-07-03T10:42:01","date_gmt":"2020-07-03T13:42:01","guid":{"rendered":"http:\/\/www.sincomam.org.br\/?p=30298"},"modified":"2020-07-03T14:56:52","modified_gmt":"2020-07-03T17:56:52","slug":"brasil-chega-a-618-mil-mortes-e-149-milhao-de-casos-confirmados-de-covid-19","status":"publish","type":"post","link":"https:\/\/www.sincomam.org.br\/index.php\/brasil-chega-a-618-mil-mortes-e-149-milhao-de-casos-confirmados-de-covid-19\/","title":{"rendered":"Brasil chega a 61,8 mil mortes e 1,49 milh\u00e3o de casos confirmados de Covid-19"},"content":{"rendered":"<p><em><strong>Em todo o pa\u00eds, 852.816 pessoas j\u00e1 foram curadas do coronav\u00edrus<\/strong><\/em><\/p>\n<p>Segundo os dados mais recentes divulgados pelo Minist\u00e9rio da Sa\u00fade em conjunto com as Secretarias Estaduais e Municipais de Sa\u00fade, o pa\u00eds contabiliza 1.496.858 casos confirmados do coronav\u00edrus (Covid-19) e 61.884 mortes pela doen\u00e7a. Nas \u00faltimas 24 horas, 1.252 \u00f3bitos e 48.195 casos confirmados foram agregados \u00e0s estat\u00edsticas.<\/p>\n<p>A taxa de letalidade da Covid-19 (n\u00famero de mortes pelo total de casos) ficou em 4,1%, enquanto a de mortalidade (n\u00famero de \u00f3bitos por 100 mil habitantes) ficou em 29,4. A incid\u00eancia (quantidade de casos pela popula\u00e7\u00e3o) est\u00e1 em 712,3.<\/p>\n<p>O Minist\u00e9rio da Sa\u00fade registrou ainda, nesta quinta-feira (2\/7), o total de 852.816 pessoas curadas do coronav\u00edrus em todo o Brasil. O n\u00famero \u00e9 superior \u00e0 quantidade de casos ativos (582.158), que s\u00e3o pacientes em acompanhamento m\u00e9dico. O registro de pessoas curadas j\u00e1 representa mais da metade do total de casos acumulados (57%).<\/p>\n<p><strong>Estados e munic\u00edpios<\/strong><\/p>\n<p>Os estados com mais mortes s\u00e3o S\u00e3o Paulo (15.351), Rio de Janeiro (10.332), Cear\u00e1 (6.284), Par\u00e1 (5.004) e Pernambuco (4.968). As unidades da Federa\u00e7\u00e3o com menos \u00f3bitos s\u00e3o Mato Grosso do Sul (91), Tocantins (209), Roraima (354), Santa Catarina (362) e Acre (378).<\/p>\n<p><strong>S\u00e3o Paulo vai produzir a vacina contra coronav\u00edrus<\/strong><\/p>\n<p>O governador de S\u00e3o Paulo, Jo\u00e3o Doria, anunciou os 12 centros cl\u00ednicos que ser\u00e3o respons\u00e1veis pelo recrutamento de volunt\u00e1rios para a terceira fase de testes da Coronavac, vacina contra o novo coronav\u00edrus desenvolvida pela farmac\u00eautica chinesa Sinovac Biotech.<\/p>\n<p>Os testes ser\u00e3o realizados em 9 mil volunt\u00e1rios em centros de pesquisas de seis estados: S\u00e3o Paulo, Bras\u00edlia, Rio de Janeiro, Minas Gerais, Rio Grande do Sul e Paran\u00e1.<\/p>\n<p>A pesquisa cl\u00ednica ser\u00e1 coordenada pelo Instituto Butantan. Para que os testes da vacina sejam iniciados, o governo paulista s\u00f3 espera a aprova\u00e7\u00e3o da Ag\u00eancia Nacional de Vigil\u00e2ncia Sanit\u00e1ria (Anvisa). Segundo Doria, isso deve ocorrer ainda nesta semana.<\/p>\n<p><strong>Maior estudo sobre a Covid-19 no Brasil<\/strong><\/p>\n<p>Nesta quinta-feira (2), representantes do Minist\u00e9rio da Sa\u00fade e a da Universidade Federal de Pelotas, do Rio Grande do Sul, participaram de entrevista coletiva para divulgar os resultados do maior estudo sobre a covid-19 no Brasil, al\u00e9m do balan\u00e7o de distribui\u00e7\u00e3o de recursos financeiros e de medicamentos.<\/p>\n<p>Segundo o coordenador da pesquisa e reitor da Universidade Federal de Pelotas, Pedro Hallal, a maior novidade do estudo \u00e9 que 91% dos entrevistados apresentaram sintomas, diferentemente de outras pesquisas. Das 2 mil pessoas testadas positivo, mais de 62,9% tiveram altera\u00e7\u00e3o de olfato e paladar, 62,2% tiveram dor de cabe\u00e7a, 56,2% relataram febre, 53,1% tiveram tosse e 52,3% informaram dores no corpo.<\/p>\n<p>*As informa\u00e7\u00f5es deste conte\u00fado s\u00e3o da Ag\u00eancia Brasil e Minist\u00e9rio da Sa\u00fade<\/p>\n","protected":false},"excerpt":{"rendered":"<p>Em todo o pa\u00eds, 852.816 pessoas j\u00e1 foram curadas do coronav\u00edrus Segundo os dados mais recentes divulgados pelo Minist\u00e9rio da Sa\u00fade em conjunto com as&#8230;<\/p>\n","protected":false},"author":1182,"featured_media":28474,"comment_status":"closed","ping_status":"closed","sticky":false,"template":"","format":"standard","meta":{"footnotes":""},"categories":[6],"tags":[61,3337,2778,175,2800,3339,2752,2751,1458,3338,1583,378,1005,3336,630,1375,3245,746,59,167,366,519,2783,1194,674],"class_list":["post-30298","post","type-post","status-publish","format-standard","has-post-thumbnail","hentry","category-noticias","tag-brasil","tag-butantan","tag-casos","tag-ceara","tag-confirmados","tag-coronavac","tag-coronavirus","tag-covid-19","tag-doenca","tag-doria","tag-instituto","tag-ministerio","tag-mortes","tag-pelotas","tag-pesquisa","tag-populacao","tag-recuperados","tag-registro","tag-rio-de-janeiro","tag-rio-grande-do-sul","tag-sao-paulo","tag-saude","tag-testes","tag-universidade","tag-vacina"],"_links":{"self":[{"href":"https:\/\/www.sincomam.org.br\/index.php\/wp-json\/wp\/v2\/posts\/30298","targetHints":{"allow":["GET"]}}],"collection":[{"href":"https:\/\/www.sincomam.org.br\/index.php\/wp-json\/wp\/v2\/posts"}],"about":[{"href":"https:\/\/www.sincomam.org.br\/index.php\/wp-json\/wp\/v2\/types\/post"}],"author":[{"embeddable":true,"href":"https:\/\/www.sincomam.org.br\/index.php\/wp-json\/wp\/v2\/users\/1182"}],"replies":[{"embeddable":true,"href":"https:\/\/www.sincomam.org.br\/index.php\/wp-json\/wp\/v2\/comments?post=30298"}],"version-history":[{"count":1,"href":"https:\/\/www.sincomam.org.br\/index.php\/wp-json\/wp\/v2\/posts\/30298\/revisions"}],"predecessor-version":[{"id":30299,"href":"https:\/\/www.sincomam.org.br\/index.php\/wp-json\/wp\/v2\/posts\/30298\/revisions\/30299"}],"wp:featuredmedia":[{"embeddable":true,"href":"https:\/\/www.sincomam.org.br\/index.php\/wp-json\/wp\/v2\/media\/28474"}],"wp:attachment":[{"href":"https:\/\/www.sincomam.org.br\/index.php\/wp-json\/wp\/v2\/media?parent=30298"}],"wp:term":[{"taxonomy":"category","embeddable":true,"href":"https:\/\/www.sincomam.org.br\/index.php\/wp-json\/wp\/v2\/categories?post=30298"},{"taxonomy":"post_tag","embeddable":true,"href":"https:\/\/www.sincomam.org.br\/index.php\/wp-json\/wp\/v2\/tags?post=30298"}],"curies":[{"name":"wp","href":"https:\/\/api.w.org\/{rel}","templated":true}]}}