{"id":30296,"date":"2020-07-03T09:25:53","date_gmt":"2020-07-03T12:25:53","guid":{"rendered":"http:\/\/www.sincomam.org.br\/?p=30296"},"modified":"2020-07-03T15:27:51","modified_gmt":"2020-07-03T18:27:51","slug":"profissionais-maritimos-com-certificacoes-em-dia-sao-convocados-para-cadastro-de-curriculo","status":"publish","type":"post","link":"https:\/\/www.sincomam.org.br\/index.php\/profissionais-maritimos-com-certificacoes-em-dia-sao-convocados-para-cadastro-de-curriculo\/","title":{"rendered":"Profissionais mar\u00edtimos com certifica\u00e7\u00f5es em dia s\u00e3o convocados para cadastro de curr\u00edculo"},"content":{"rendered":"<p><em><strong>Vagas s\u00e3o para o banco de talentos da empresa de log\u00edstica e cabotagem Log-in<\/strong><\/em><\/p>\n<p>O RH da empresa Log-In divulgou nesta quarta-feira (01) novas vagas para trabalhadores mar\u00edtimos em seu banco de talentos. Desde 2007, a companhia oferece solu\u00e7\u00f5es log\u00edsticas customizadas e sob medida para o transporte e armazenagem de cargas.<\/p>\n<p><strong>Confira as vagas para cadastro de reserva pela Log-In<\/strong><\/p>\n<ul>\n<li>1\u00ba Oficial de Maquinas (1OM) \u2013 at\u00e9 o dia 10\/07\/20<\/li>\n<li>2\u00ba Oficial de M\u00e1quinas (2OM)<\/li>\n<li>Condutor Mec\u00e2nico (CDM)<\/li>\n<li>Mo\u00e7o de M\u00e1quinas (MOM)<\/li>\n<li>Marinheiro de M\u00e1quinas (MNM)<\/li>\n<li>Cozinheiro (CZA)<\/li>\n<li>Taifeiro (TAA)<\/li>\n<li>Mo\u00e7o de M\u00e1quinas (MOC)<\/li>\n<li>Marinheiro de M\u00e1quinas (MNC)<\/li>\n<\/ul>\n<p><strong>Requisitos:<\/strong><\/p>\n<ul>\n<li>Experi\u00eancia em embarca\u00e7\u00f5es porta-cont\u00eainer<\/li>\n<li>Todos os certificados pertinentes \u00e0 fun\u00e7\u00e3o em dia<\/li>\n<li>Certificados NRs<\/li>\n<li>CIR (Caderneta de Inscri\u00e7\u00e3o e Registro)<\/li>\n<li>Certificado Internacional da Febre Amarela<\/li>\n<li>Passaporte v\u00e1lido.<\/li>\n<li>Cadastro de curr\u00edculo na Log-in Log\u00edstica<\/li>\n<\/ul>\n<p><strong>Como se candidatar:<\/strong><\/p>\n<p>Candidatos que estejam no perfil para as vagas dispon\u00edveis pela Log-In, favor encaminhar curr\u00edculo para o e-mail: <strong>rhmaritimos@loginlogistica.com.br<\/strong> e colocar no assunto a fun\u00e7\u00e3o desejada. A empresa ainda refor\u00e7a que s\u00f3 receber\u00e1 curr\u00edculo atrav\u00e9s do e-mail citado.<\/p>\n<p><strong>Sobre a Log-In<\/strong><\/p>\n<p>A Log-In conta com os servi\u00e7os de navega\u00e7\u00e3o de cabotagem com frota de navios pr\u00f3prios e afretados, movimenta\u00e7\u00e3o portu\u00e1ria composta pelo Terminal Portu\u00e1rio de Vila Velha e Terminais Intermodais de Itaja\u00ed e Guaruj\u00e1. Possui uma rede integrada que permite abrang\u00eancia geogr\u00e1fica com todo o Brasil e o Mercosul.<\/p>\n<p><strong>Ag\u00eancia mar\u00edtima e offshore do Rio de Janeiro contrata mar\u00edtimos <\/strong><\/p>\n<p>O Grupo Bravante tamb\u00e9m divulgou ontem (02), atrav\u00e9s de seus ve\u00edculos de comunica\u00e7\u00e3o oficiais, vagas de emprego para profissionais mar\u00edtimos com experi\u00eancia em embarca\u00e7\u00f5es offshore. As oportunidades s\u00e3o para Comandante, Chefe e Oficial de M\u00e1quinas.<\/p>\n<p><strong>Requisitos<\/strong><\/p>\n<ul>\n<li>Comandante: Categoria m\u00ednima CCB, Regra II\/2, experi\u00eancia anterior na fun\u00e7\u00e3o em embarca\u00e7\u00f5es offshore.<\/li>\n<li>Chefe de M\u00e1quinas: Categoria m\u00ednima 1OM, Regra III\/2, experi\u00eancia anterior na fun\u00e7\u00e3o em embarca\u00e7\u00f5es offshore.<\/li>\n<li>Oficial de M\u00e1quinas: Categoria 2OM, Regra III\/2, experi\u00eancia anterior na fun\u00e7\u00e3o em embarca\u00e7\u00f5es offshore.<\/li>\n<\/ul>\n<p><strong>Inscri\u00e7\u00f5es para vagas offshore Bravante<\/strong><\/p>\n<p>Candidatos interessados que estejam de acordo com o perfil exigido para os cargos, favor encaminhar curr\u00edculo atualizado para <strong>rh@bravante.com.br<\/strong> e colocar no assunto o nome da vaga.<\/p>\n<p>As informa\u00e7\u00f5es deste conte\u00fado s\u00e3o do site Click Petr\u00f3leo e G\u00e1s.<\/p>\n","protected":false},"excerpt":{"rendered":"<p>Vagas s\u00e3o para o banco de talentos da empresa de log\u00edstica e cabotagem Log-in O RH da empresa Log-In divulgou nesta quarta-feira (01) novas vagas&#8230;<\/p>\n","protected":false},"author":1182,"featured_media":10201,"comment_status":"closed","ping_status":"closed","sticky":false,"template":"","format":"standard","meta":{"footnotes":""},"categories":[6],"tags":[3332,82,3334,3335,2983,3333,544,70,1746,2324,921,3061,1011,538],"class_list":["post-30296","post","type-post","status-publish","format-standard","has-post-thumbnail","hentry","category-noticias","tag-bravante","tag-cabotagem","tag-certificacao","tag-chefe","tag-condutor","tag-curriculo","tag-emprego","tag-log-in","tag-maquinas","tag-maritimos","tag-offshore","tag-oficial","tag-profissionais","tag-vagas"],"_links":{"self":[{"href":"https:\/\/www.sincomam.org.br\/index.php\/wp-json\/wp\/v2\/posts\/30296","targetHints":{"allow":["GET"]}}],"collection":[{"href":"https:\/\/www.sincomam.org.br\/index.php\/wp-json\/wp\/v2\/posts"}],"about":[{"href":"https:\/\/www.sincomam.org.br\/index.php\/wp-json\/wp\/v2\/types\/post"}],"author":[{"embeddable":true,"href":"https:\/\/www.sincomam.org.br\/index.php\/wp-json\/wp\/v2\/users\/1182"}],"replies":[{"embeddable":true,"href":"https:\/\/www.sincomam.org.br\/index.php\/wp-json\/wp\/v2\/comments?post=30296"}],"version-history":[{"count":1,"href":"https:\/\/www.sincomam.org.br\/index.php\/wp-json\/wp\/v2\/posts\/30296\/revisions"}],"predecessor-version":[{"id":30297,"href":"https:\/\/www.sincomam.org.br\/index.php\/wp-json\/wp\/v2\/posts\/30296\/revisions\/30297"}],"wp:featuredmedia":[{"embeddable":true,"href":"https:\/\/www.sincomam.org.br\/index.php\/wp-json\/wp\/v2\/media\/10201"}],"wp:attachment":[{"href":"https:\/\/www.sincomam.org.br\/index.php\/wp-json\/wp\/v2\/media?parent=30296"}],"wp:term":[{"taxonomy":"category","embeddable":true,"href":"https:\/\/www.sincomam.org.br\/index.php\/wp-json\/wp\/v2\/categories?post=30296"},{"taxonomy":"post_tag","embeddable":true,"href":"https:\/\/www.sincomam.org.br\/index.php\/wp-json\/wp\/v2\/tags?post=30296"}],"curies":[{"name":"wp","href":"https:\/\/api.w.org\/{rel}","templated":true}]}}