{"id":30293,"date":"2020-07-03T12:41:16","date_gmt":"2020-07-03T15:41:16","guid":{"rendered":"http:\/\/www.sincomam.org.br\/?p=30293"},"modified":"2020-07-03T14:04:53","modified_gmt":"2020-07-03T17:04:53","slug":"porto-de-imbituba-bate-recorde-historico-de-movimentacao-de-cargas","status":"publish","type":"post","link":"https:\/\/www.sincomam.org.br\/index.php\/porto-de-imbituba-bate-recorde-historico-de-movimentacao-de-cargas\/","title":{"rendered":"Porto de Imbituba bate recorde hist\u00f3rico de movimenta\u00e7\u00e3o de cargas"},"content":{"rendered":"<p><strong><em>Movimenta\u00e7\u00e3o portu\u00e1ria apresentou alta de 11% no m\u00eas de junho<\/em><\/strong><\/p>\n<p>O Porto de Imbituba alcan\u00e7ou a marca de 602.370 toneladas movimentadas no m\u00eas de junho, sendo o maior volume mensal registrado na hist\u00f3ria do porto organizado, administrado pela empresa p\u00fablica SCPAR Porto de Imbituba.<\/p>\n<p>Com esse resultado, o porto supera o recorde alcan\u00e7ado em mar\u00e7o do ano passado, de 592.641 toneladas. Em rela\u00e7\u00e3o a junho de 2019, quando foram movimentadas 542.595 toneladas, houve crescimento de 11% na movimenta\u00e7\u00e3o mensal.<\/p>\n<p>Ao longo do \u00faltimo m\u00eas, o porto atendeu 21 navios para opera\u00e7\u00e3o de diversas cargas, principalmente soja, min\u00e9rio de ferro, coque, cont\u00eaineres e milho. Tamb\u00e9m passaram pelo Porto de Imbituba: celulose, comidas em <em>big bags,<\/em> equipamentos e\u00f3licos, fertilizantes, soda c\u00e1ustica e salitre. Destaque tamb\u00e9m para o embarque de 119,7 mil toneladas de granel s\u00f3lido em um \u00fanico navio, conclu\u00eddo no Porto de Imbituba tamb\u00e9m em junho, o maior da hist\u00f3ria de Santa Catarina.<\/p>\n<p>O porto j\u00e1 recebeu 96 navios, totalizando mais de 2,6 milh\u00f5es de toneladas movimentadas at\u00e9 o momento. \u201cA expectativa \u00e9 de movimenta\u00e7\u00e3o intensa no porto para os pr\u00f3ximos meses\u201d, salientou a gerente de opera\u00e7\u00f5es da Autoridade Portu\u00e1ria, Aristeu Cavalca.<\/p>\n<p>*Com informa\u00e7\u00f5es do Porto de Imbituba<\/p>\n","protected":false},"excerpt":{"rendered":"<p>Movimenta\u00e7\u00e3o portu\u00e1ria apresentou alta de 11% no m\u00eas de junho O Porto de Imbituba alcan\u00e7ou a marca de 602.370 toneladas movimentadas no m\u00eas de junho,&#8230;<\/p>\n","protected":false},"author":1182,"featured_media":30294,"comment_status":"closed","ping_status":"closed","sticky":false,"template":"","format":"standard","meta":{"footnotes":""},"categories":[6],"tags":[191,2169,237,80,62],"class_list":["post-30293","post","type-post","status-publish","format-standard","has-post-thumbnail","hentry","category-noticias","tag-cargas","tag-imbituba","tag-movimentacao","tag-porto","tag-recorde"],"_links":{"self":[{"href":"https:\/\/www.sincomam.org.br\/index.php\/wp-json\/wp\/v2\/posts\/30293","targetHints":{"allow":["GET"]}}],"collection":[{"href":"https:\/\/www.sincomam.org.br\/index.php\/wp-json\/wp\/v2\/posts"}],"about":[{"href":"https:\/\/www.sincomam.org.br\/index.php\/wp-json\/wp\/v2\/types\/post"}],"author":[{"embeddable":true,"href":"https:\/\/www.sincomam.org.br\/index.php\/wp-json\/wp\/v2\/users\/1182"}],"replies":[{"embeddable":true,"href":"https:\/\/www.sincomam.org.br\/index.php\/wp-json\/wp\/v2\/comments?post=30293"}],"version-history":[{"count":1,"href":"https:\/\/www.sincomam.org.br\/index.php\/wp-json\/wp\/v2\/posts\/30293\/revisions"}],"predecessor-version":[{"id":30295,"href":"https:\/\/www.sincomam.org.br\/index.php\/wp-json\/wp\/v2\/posts\/30293\/revisions\/30295"}],"wp:featuredmedia":[{"embeddable":true,"href":"https:\/\/www.sincomam.org.br\/index.php\/wp-json\/wp\/v2\/media\/30294"}],"wp:attachment":[{"href":"https:\/\/www.sincomam.org.br\/index.php\/wp-json\/wp\/v2\/media?parent=30293"}],"wp:term":[{"taxonomy":"category","embeddable":true,"href":"https:\/\/www.sincomam.org.br\/index.php\/wp-json\/wp\/v2\/categories?post=30293"},{"taxonomy":"post_tag","embeddable":true,"href":"https:\/\/www.sincomam.org.br\/index.php\/wp-json\/wp\/v2\/tags?post=30293"}],"curies":[{"name":"wp","href":"https:\/\/api.w.org\/{rel}","templated":true}]}}