{"id":30276,"date":"2020-07-03T11:28:22","date_gmt":"2020-07-03T14:28:22","guid":{"rendered":"http:\/\/www.sincomam.org.br\/?p=30276"},"modified":"2020-07-03T11:28:22","modified_gmt":"2020-07-03T14:28:22","slug":"covid-19-sancionada-a-lei-que-torna-obrigatorio-o-uso-de-mascara-no-brasil","status":"publish","type":"post","link":"https:\/\/www.sincomam.org.br\/index.php\/covid-19-sancionada-a-lei-que-torna-obrigatorio-o-uso-de-mascara-no-brasil\/","title":{"rendered":"Covid-19:  sancionada a lei que torna obrigat\u00f3rio o uso de m\u00e1scara no Brasil"},"content":{"rendered":"<p><strong><em>Medida foi publicada nesta sexta-feira (3) no Di\u00e1rio Oficial da Uni\u00e3o<\/em><\/strong><\/p>\n<p>O presidente Jair Boslonaro sancionou a lei que torna obrigat\u00f3rio o uso de m\u00e1scaras de prote\u00e7\u00e3o individual em espa\u00e7os p\u00fablicos e privados, mas acess\u00edveis ao p\u00fablico, durante a pandemia de covid-19. A Lei n\u00ba 14.019\/2020 foi publicada hoje (3) no Di\u00e1rio Oficial da Uni\u00e3o e diz que as m\u00e1scaras podem ser artesanais ou industriais.<\/p>\n<p>A obrigatoriedade do uso da prote\u00e7\u00e3o facial engloba em vias p\u00fablicas e transportes p\u00fablicos coletivos, como \u00f4nibus e metr\u00f4, bem como em t\u00e1xis e carros de aplicativos, \u00f4nibus, aeronaves ou embarca\u00e7\u00f5es de uso coletivo fretados.<\/p>\n<p>De acordo com a nova lei, as concession\u00e1rias e empresas de transporte p\u00fablico dever\u00e3o atuar com o poder p\u00fablico na fiscaliza\u00e7\u00e3o do cumprimento das normas, podendo inclusive vedar a entrada de passageiros sem m\u00e1scaras nos terminais e meios de transporte. O n\u00e3o uso do equipamento de prote\u00e7\u00e3o individual acarretar\u00e1 multa estabelecida pelos estados ou munic\u00edpios. Atualmente, diversas cidades j\u00e1 t\u00eam adotado o uso obrigat\u00f3rio de m\u00e1scaras, em leis de alcance local.<\/p>\n<p>Os \u00f3rg\u00e3os e entidades p\u00fablicos, concession\u00e1rias de servi\u00e7os p\u00fablicos, como transporte, e o setor privado de bens e servi\u00e7os dever\u00e3o adotar medidas de higieniza\u00e7\u00e3o em locais de circula\u00e7\u00e3o de pessoas e no interior de ve\u00edculos, disponibilizando produtos saneantes aos usu\u00e1rios, como \u00e1lcool em gel.<\/p>\n<p>O texto prev\u00ea que pessoas com transtorno do espectro autista, com defici\u00eancia intelectual, com defici\u00eancias sensoriais ou com quaisquer outras defici\u00eancias que as impe\u00e7am de fazer o uso adequado de m\u00e1scara de prote\u00e7\u00e3o facial estar\u00e3o dispensadas da obriga\u00e7\u00e3o do uso, assim como crian\u00e7as com menos de 3 anos. Para isso, eles devem portar declara\u00e7\u00e3o m\u00e9dica, que poder\u00e1 ser obtida por meio digital.<\/p>\n<p><strong>Vetos<\/strong><\/p>\n<p>O presidente Bolsonaro vetou 17 dispositivos do texto que foi aprovado no Congresso no dia 9 de junho, alegando, entre outras raz\u00f5es, que criariam obriga\u00e7\u00f5es a estados e munic\u00edpios, violando a autonomia dos entes federados, ou despesas obrigat\u00f3rias ao poder p\u00fablico sem indicar a fonte dos recursos e impacto or\u00e7ament\u00e1rio. As raz\u00f5es dos vetos, que tamb\u00e9m foram publicadas no Di\u00e1rio Oficial da Uni\u00e3o, ser\u00e3o agora analisadas pelos parlamentares.<\/p>\n<p>Um dos trechos vetados diz respeito ao uso obrigat\u00f3rio de m\u00e1scara em \u201cestabelecimentos comerciais e industriais, templos religiosos, estabelecimentos de ensino e demais locais fechados em que haja reuni\u00e3o de pessoas\u201d. Em mensagem ao Congresso, a Presid\u00eancia explicou que a express\u00e3o \u201cdemais locais fechados\u201d \u00e9 uma \u201cposs\u00edvel viola\u00e7\u00e3o de domic\u00edlio por abarcar conceito abrangente de locais n\u00e3o abertos ao p\u00fablico\u201d. Como n\u00e3o h\u00e1 possibilidade de vetar palavras ou trechos, o presidente vetou o dispositivo todo.<\/p>\n<p>Tamb\u00e9m foi vetada a proibi\u00e7\u00e3o da aplica\u00e7\u00e3o da multa pelo n\u00e3o uso da m\u00e1scara \u00e0 popula\u00e7\u00e3o economicamente vulner\u00e1vel. Para a Presid\u00eancia, ao prever tal exce\u00e7\u00e3o, mesmo sendo compreens\u00edvel as raz\u00f5es, \u201co dispositivo criava uma autoriza\u00e7\u00e3o para a n\u00e3o utiliza\u00e7\u00e3o do equipamento de prote\u00e7\u00e3o, sendo que todos s\u00e3o capazes de contrair e transmitir o v\u00edrus, independentemente de sua condi\u00e7\u00e3o social\u201d.<\/p>\n<p>A proposta aprovada pelo parlamento tamb\u00e9m previa a obrigatoriedade do poder p\u00fablico de fornecer m\u00e1scaras \u00e0 popula\u00e7\u00e3o economicamente vulner\u00e1vel, por meio da rede Farm\u00e1cia Popular do Brasil. Al\u00e9m de criar despesa obrigat\u00f3rio, de acordo com a Presid\u00eancia, \u201ctal medida contrariava o interesse p\u00fablico em raz\u00e3o do referido equipamento de prote\u00e7\u00e3o individual n\u00e3o ter rela\u00e7\u00e3o com o Programa Farm\u00e1cia Popular do Brasil\u201d.<\/p>\n<p><strong><a href=\"https:\/\/www.sincomam.org.br\/wp-content\/uploads\/2020\/07\/minist\u00e9rio-Sa\u00fade.jpeg\" target=\"_blank\" rel=\"noopener noreferrer\"><img fetchpriority=\"high\" decoding=\"async\" class=\" wp-image-30278 alignleft\" src=\"https:\/\/www.sincomam.org.br\/wp-content\/uploads\/2020\/07\/minist\u00e9rio-Sa\u00fade.jpeg\" alt=\"\" width=\"344\" height=\"344\" srcset=\"https:\/\/www.sincomam.org.br\/wp-content\/uploads\/2020\/07\/minist\u00e9rio-Sa\u00fade.jpeg 720w, https:\/\/www.sincomam.org.br\/wp-content\/uploads\/2020\/07\/minist\u00e9rio-Sa\u00fade-300x300.jpeg 300w, https:\/\/www.sincomam.org.br\/wp-content\/uploads\/2020\/07\/minist\u00e9rio-Sa\u00fade-150x150.jpeg 150w\" sizes=\"(max-width: 344px) 100vw, 344px\" \/><\/a>Atendimento preferencial<\/strong><\/p>\n<p>Um dos artigos da nova lei garante ainda o atendimento preferencial em estabelecimentos de sa\u00fade aos profissionais de sa\u00fade e da seguran\u00e7a p\u00fablica diagnosticados com covid-19.<\/p>\n<p>Fonte: Ag\u00eancia Brasil<\/p>\n","protected":false},"excerpt":{"rendered":"<p>Medida foi publicada nesta sexta-feira (3) no Di\u00e1rio Oficial da Uni\u00e3o O presidente Jair Boslonaro sancionou a lei que torna obrigat\u00f3rio o uso de m\u00e1scaras&#8230;<\/p>\n","protected":false},"author":1182,"featured_media":30277,"comment_status":"closed","ping_status":"closed","sticky":false,"template":"","format":"standard","meta":{"footnotes":""},"categories":[6],"tags":[2752,2751,1001,3327,3329,516,3328,2776,1679,3326],"class_list":["post-30276","post","type-post","status-publish","format-standard","has-post-thumbnail","hentry","category-noticias","tag-coronavirus","tag-covid-19","tag-lei","tag-locais","tag-mascara","tag-medida","tag-proivado","tag-provisoria","tag-publico","tag-utilizacao"],"_links":{"self":[{"href":"https:\/\/www.sincomam.org.br\/index.php\/wp-json\/wp\/v2\/posts\/30276","targetHints":{"allow":["GET"]}}],"collection":[{"href":"https:\/\/www.sincomam.org.br\/index.php\/wp-json\/wp\/v2\/posts"}],"about":[{"href":"https:\/\/www.sincomam.org.br\/index.php\/wp-json\/wp\/v2\/types\/post"}],"author":[{"embeddable":true,"href":"https:\/\/www.sincomam.org.br\/index.php\/wp-json\/wp\/v2\/users\/1182"}],"replies":[{"embeddable":true,"href":"https:\/\/www.sincomam.org.br\/index.php\/wp-json\/wp\/v2\/comments?post=30276"}],"version-history":[{"count":1,"href":"https:\/\/www.sincomam.org.br\/index.php\/wp-json\/wp\/v2\/posts\/30276\/revisions"}],"predecessor-version":[{"id":30279,"href":"https:\/\/www.sincomam.org.br\/index.php\/wp-json\/wp\/v2\/posts\/30276\/revisions\/30279"}],"wp:featuredmedia":[{"embeddable":true,"href":"https:\/\/www.sincomam.org.br\/index.php\/wp-json\/wp\/v2\/media\/30277"}],"wp:attachment":[{"href":"https:\/\/www.sincomam.org.br\/index.php\/wp-json\/wp\/v2\/media?parent=30276"}],"wp:term":[{"taxonomy":"category","embeddable":true,"href":"https:\/\/www.sincomam.org.br\/index.php\/wp-json\/wp\/v2\/categories?post=30276"},{"taxonomy":"post_tag","embeddable":true,"href":"https:\/\/www.sincomam.org.br\/index.php\/wp-json\/wp\/v2\/tags?post=30276"}],"curies":[{"name":"wp","href":"https:\/\/api.w.org\/{rel}","templated":true}]}}