{"id":30253,"date":"2020-07-02T07:42:27","date_gmt":"2020-07-02T10:42:27","guid":{"rendered":"http:\/\/www.sincomam.org.br\/?p=30253"},"modified":"2020-07-02T07:42:27","modified_gmt":"2020-07-02T10:42:27","slug":"governo-prorroga-por-mais-2-meses-o-auxilio-emergencial","status":"publish","type":"post","link":"https:\/\/www.sincomam.org.br\/index.php\/governo-prorroga-por-mais-2-meses-o-auxilio-emergencial\/","title":{"rendered":"Governo prorroga por mais 2 meses o aux\u00edlio emergencial"},"content":{"rendered":"<p><strong><em>An\u00fancio foi feito pelo ministro Paulo Guedes (Economia). Segundo ele, primeira parcela ser\u00e1 de R$ 500; a segunda, de R$ 100; a terceira, de R$ 300; e a quarta, de R$ 300<\/em><\/strong><\/p>\n<p>O ministro da Economia, Paulo Guedes, anunciou nesta ter\u00e7a-feira (30) a prorroga\u00e7\u00e3o do aux\u00edlio emergencial, destinado a trabalhadores informais e benefici\u00e1rios do Bolsa Fam\u00edlia.<\/p>\n<p>Segundo Guedes, a proposta \u00e9 que sejam pagas mais quatro parcelas em dois meses, que somar\u00e3o R$ 600 por m\u00eas, totalizando R$ 1,2 mil.<\/p>\n<p>O pagamento dever\u00e1 ser feito da seguinte maneira, segundo o ministro:<\/p>\n<ul>\n<li>R$ 500 no in\u00edcio do m\u00eas;<\/li>\n<li>R$ 100 no fim do m\u00eas;<\/li>\n<li>R$ 300 no in\u00edcio do m\u00eas;<\/li>\n<li>R$ 300 no fim do m\u00eas.<\/li>\n<\/ul>\n<p>O an\u00fancio foi feito em uma cerim\u00f4nia no Pal\u00e1cio do Planalto, da qual participaram o presidente Jair Bolsonaro, ministros do governo, os presidentes da C\u00e2mara, Rodrigo Maia (DEM-RJ), e do Senado, Davi Alcolumbre (DEM-AP), al\u00e9m de parlamentares e convidados (saiba mais abaixo como foram os discursos).<\/p>\n<p>Na cerim\u00f4nia, Bolsonaro assinou um decreto sobre a prorroga\u00e7\u00e3o do pagamento.<\/p>\n<p>Ap\u00f3s o evento, o presidente da Caixa Econ\u00f4mica Federal, Pedro Guimar\u00e3es, disse que o cronograma de pagamento das novas parcelas ainda ser\u00e1 divulgado. Segundo ele, o calend\u00e1rio est\u00e1 pronto, mas falta autoriza\u00e7\u00e3o do ministro Paulo Guedes para anunciar.<\/p>\n<p>No discurso desta ter\u00e7a-feira, Paulo Guedes afirmou que o parcelamento foi pensado para fazer uma &#8220;aterrissagem inteligente&#8221; do aux\u00edlio e que o pr\u00f3ximo passo do governo ser\u00e1 o programa Renda Brasil, reestruturando os programas sociais j\u00e1 existentes.<\/p>\n<p>&#8220;O Bolsa Fam\u00edlia foi a jun\u00e7\u00e3o de dois ou tr\u00eas programas. Vamos fazer o mesmo. Juntar dois ou tr\u00eas programas e criar o Renda Brasil, Renda Cidadania. Acima desse n\u00edvel que est\u00e1 a\u00ed&#8221;, disse.<\/p>\n<p>Ao assinar o decreto que prorroga o aux\u00edlio emergencial, Bolsonaro afirmou que sabe que o valor de R$ 600 \u00e9 &#8220;pouco&#8221;, mas pode ser &#8220;muito para quem n\u00e3o tem nada&#8221;.<\/p>\n<p>Fonte: G1<\/p>\n","protected":false},"excerpt":{"rendered":"<p>An\u00fancio foi feito pelo ministro Paulo Guedes (Economia). Segundo ele, primeira parcela ser\u00e1 de R$ 500; a segunda, de R$ 100; a terceira, de R$&#8230;<\/p>\n","protected":false},"author":1182,"featured_media":17827,"comment_status":"closed","ping_status":"closed","sticky":false,"template":"","format":"standard","meta":{"footnotes":""},"categories":[6],"tags":[1757,3322,432,192,3321,204,3066,3320],"class_list":["post-30253","post","type-post","status-publish","format-standard","has-post-thumbnail","hentry","category-noticias","tag-auxilio","tag-divisao","tag-emergencial","tag-governo","tag-meses","tag-pagamento","tag-parcelas","tag-prorroga"],"_links":{"self":[{"href":"https:\/\/www.sincomam.org.br\/index.php\/wp-json\/wp\/v2\/posts\/30253","targetHints":{"allow":["GET"]}}],"collection":[{"href":"https:\/\/www.sincomam.org.br\/index.php\/wp-json\/wp\/v2\/posts"}],"about":[{"href":"https:\/\/www.sincomam.org.br\/index.php\/wp-json\/wp\/v2\/types\/post"}],"author":[{"embeddable":true,"href":"https:\/\/www.sincomam.org.br\/index.php\/wp-json\/wp\/v2\/users\/1182"}],"replies":[{"embeddable":true,"href":"https:\/\/www.sincomam.org.br\/index.php\/wp-json\/wp\/v2\/comments?post=30253"}],"version-history":[{"count":1,"href":"https:\/\/www.sincomam.org.br\/index.php\/wp-json\/wp\/v2\/posts\/30253\/revisions"}],"predecessor-version":[{"id":30254,"href":"https:\/\/www.sincomam.org.br\/index.php\/wp-json\/wp\/v2\/posts\/30253\/revisions\/30254"}],"wp:featuredmedia":[{"embeddable":true,"href":"https:\/\/www.sincomam.org.br\/index.php\/wp-json\/wp\/v2\/media\/17827"}],"wp:attachment":[{"href":"https:\/\/www.sincomam.org.br\/index.php\/wp-json\/wp\/v2\/media?parent=30253"}],"wp:term":[{"taxonomy":"category","embeddable":true,"href":"https:\/\/www.sincomam.org.br\/index.php\/wp-json\/wp\/v2\/categories?post=30253"},{"taxonomy":"post_tag","embeddable":true,"href":"https:\/\/www.sincomam.org.br\/index.php\/wp-json\/wp\/v2\/tags?post=30253"}],"curies":[{"name":"wp","href":"https:\/\/api.w.org\/{rel}","templated":true}]}}