{"id":30251,"date":"2020-07-02T07:35:21","date_gmt":"2020-07-02T10:35:21","guid":{"rendered":"http:\/\/www.sincomam.org.br\/?p=30251"},"modified":"2020-07-02T07:53:30","modified_gmt":"2020-07-02T10:53:30","slug":"caixa-hoje-e-o-ultimo-dia-para-pedir-o-auxilio-emergencial","status":"publish","type":"post","link":"https:\/\/www.sincomam.org.br\/index.php\/caixa-hoje-e-o-ultimo-dia-para-pedir-o-auxilio-emergencial\/","title":{"rendered":"Caixa: hoje \u00e9 o \u00faltimo dia para pedir o aux\u00edlio emergencial"},"content":{"rendered":"<p><strong><em>Prazo para novos cadastros termina nesta quinta \u00e0s 23h59<\/em><\/strong><\/p>\n<p>Para quem ainda n\u00e3o se cadastrou a fim de receber o aux\u00edlio emergencial de R$ 600, o prazo termina nesta quinta-feira (2), \u00e0s 23h59, informou a Caixa Econ\u00f4mica Federal.<\/p>\n<p>O aux\u00edlio emergencial \u00e9 um benef\u00edcio financeiro destinado a trabalhadores informais, microempreendedores individuais (MEI), aut\u00f4nomos, desempregados e pessoas de baixa renda e tem por objetivo fornecer prote\u00e7\u00e3o emergencial no per\u00edodo de enfrentamento \u00e0 crise causada pela pandemia do novo coronav\u00edrus.<\/p>\n<p>Inicialmente proposto para vigorar por tr\u00eas meses, com o pagamento de tr\u00eas parcelas de R$ 600, o benef\u00edcio foi prorrogado por mais dois meses, com o pagamento de mais duas parcelas.<\/p>\n<p>Pelas regras, at\u00e9 duas pessoas da mesma fam\u00edlia podem receber o aux\u00edlio. Para as fam\u00edlias em que a mulher seja a \u00fanica respons\u00e1vel pelas despesas da casa, o valor pago mensalmente \u00e9 de R$ 1.200.<\/p>\n<p>Fonte: Ag\u00eancia Brasil<\/p>\n<p><strong>Leia tamb\u00e9m: <\/strong><a href=\"https:\/\/www.sincomam.org.br\/index.php\/governo-prorroga-por-mais-2-meses-o-auxilio-emergencial\/\" target=\"_blank\" rel=\"noopener noreferrer\">Aux\u00edlio Emergencial \u00e9 prorrogado de forma escalonada<\/a><\/p>\n","protected":false},"excerpt":{"rendered":"<p>Prazo para novos cadastros termina nesta quinta \u00e0s 23h59 Para quem ainda n\u00e3o se cadastrou a fim de receber o aux\u00edlio emergencial de R$ 600,&#8230;<\/p>\n","protected":false},"author":1182,"featured_media":29823,"comment_status":"closed","ping_status":"closed","sticky":false,"template":"","format":"standard","meta":{"footnotes":""},"categories":[6],"tags":[1757,3319,390,432,3183],"class_list":["post-30251","post","type-post","status-publish","format-standard","has-post-thumbnail","hentry","category-noticias","tag-auxilio","tag-cadasttro","tag-caixa","tag-emergencial","tag-solicitacao"],"_links":{"self":[{"href":"https:\/\/www.sincomam.org.br\/index.php\/wp-json\/wp\/v2\/posts\/30251","targetHints":{"allow":["GET"]}}],"collection":[{"href":"https:\/\/www.sincomam.org.br\/index.php\/wp-json\/wp\/v2\/posts"}],"about":[{"href":"https:\/\/www.sincomam.org.br\/index.php\/wp-json\/wp\/v2\/types\/post"}],"author":[{"embeddable":true,"href":"https:\/\/www.sincomam.org.br\/index.php\/wp-json\/wp\/v2\/users\/1182"}],"replies":[{"embeddable":true,"href":"https:\/\/www.sincomam.org.br\/index.php\/wp-json\/wp\/v2\/comments?post=30251"}],"version-history":[{"count":2,"href":"https:\/\/www.sincomam.org.br\/index.php\/wp-json\/wp\/v2\/posts\/30251\/revisions"}],"predecessor-version":[{"id":30255,"href":"https:\/\/www.sincomam.org.br\/index.php\/wp-json\/wp\/v2\/posts\/30251\/revisions\/30255"}],"wp:featuredmedia":[{"embeddable":true,"href":"https:\/\/www.sincomam.org.br\/index.php\/wp-json\/wp\/v2\/media\/29823"}],"wp:attachment":[{"href":"https:\/\/www.sincomam.org.br\/index.php\/wp-json\/wp\/v2\/media?parent=30251"}],"wp:term":[{"taxonomy":"category","embeddable":true,"href":"https:\/\/www.sincomam.org.br\/index.php\/wp-json\/wp\/v2\/categories?post=30251"},{"taxonomy":"post_tag","embeddable":true,"href":"https:\/\/www.sincomam.org.br\/index.php\/wp-json\/wp\/v2\/tags?post=30251"}],"curies":[{"name":"wp","href":"https:\/\/api.w.org\/{rel}","templated":true}]}}