{"id":30241,"date":"2020-07-01T13:27:35","date_gmt":"2020-07-01T16:27:35","guid":{"rendered":"http:\/\/www.sincomam.org.br\/?p=30241"},"modified":"2020-07-01T13:27:35","modified_gmt":"2020-07-01T16:27:35","slug":"brasil-restringe-entrada-de-estrangeiros-de-qualquer-nacionalidade-por-30-dias","status":"publish","type":"post","link":"https:\/\/www.sincomam.org.br\/index.php\/brasil-restringe-entrada-de-estrangeiros-de-qualquer-nacionalidade-por-30-dias\/","title":{"rendered":"Brasil restringe entrada de estrangeiros de qualquer nacionalidade por 30 dias"},"content":{"rendered":"<p>Em edi\u00e7\u00e3o extra do Di\u00e1rio Oficial da Uni\u00e3o (DOU) desta ter\u00e7a-feira (30), o governo federal proibiu a entrada de estrangeiros no pa\u00eds por 30 dias. Com isso, o veto fica valendo por quase todo o m\u00eas de julho.<\/p>\n<p>A medida leva em considera\u00e7\u00e3o a declara\u00e7\u00e3o de emerg\u00eancia em sa\u00fade p\u00fablica da Organiza\u00e7\u00e3o Mundial da Sa\u00fade, de 30 de janeiro de 2020, em decorr\u00eancia da pandemia do novo coronav\u00edrus.<\/p>\n<p>A medida foi publicada horas ap\u00f3s a Uni\u00e3o Europeia oficializar que o Brasil est\u00e1 fora da rela\u00e7\u00e3o de pa\u00edses que ter\u00e3o turistas liberados para entrar em seu territ\u00f3rio. Al\u00e9m da Europa, os EUA tamb\u00e9m j\u00e1 divulgaram medida semelhante para os brasileiros.<\/p>\n<p>&#8220;Fica restringida, pelo prazo de trinta dias, a entrada no pa\u00eds de estrangeiros de qualquer nacionalidade, por rodovias, por outros meios terrestres, por via a\u00e9rea ou por transporte aquavi\u00e1rio&#8221;, diz a portaria brasileira.<\/p>\n<p>O texto \u00e9 assinado pelos ministros Walter Braga Netto (Casa Civil), Andr\u00e9 Mendon\u00e7a (Justi\u00e7a), Tarcisio Freitas (Infraestrutura) e Eduardo Pazuello (interino da Sa\u00fade).<\/p>\n<p><strong>Exce\u00e7\u00f5es <\/strong><\/p>\n<p>As restri\u00e7\u00f5es publicadas no DOU n\u00e3o impedem a entrada no pa\u00eds, por via a\u00e9rea, de estrangeiro com &#8220;visto de visita concedido para estada de curta dura\u00e7\u00e3o, sem inten\u00e7\u00e3o de estabelecer resid\u00eancia, ou daqueles para os quais o visto de visita seja dispensado, com finalidade de realizar atividades art\u00edsticas, desportivas ou de neg\u00f3cios&#8221;.<\/p>\n<p>A regra n\u00e3o vale ainda para estrangeiros que cheguem, por via a\u00e9rea, &#8220;para estabelecer resid\u00eancia por tempo determinado e que possua visto tempor\u00e1rio com as seguintes finalidades: &#8220;pesquisa, ensino ou extens\u00e3o acad\u00eamica; estudo; trabalho; realiza\u00e7\u00e3o de investimento; reuni\u00e3o familiar; atividades art\u00edsticas ou desportivas com contrato por prazo determinado&#8221;.<\/p>\n<p>As chegadas valem para os aeroportos de Cumbica (S\u00e3o Paulo), do Gale\u00e3o (Rio de Janeiro), de Viracopos (Campinas-SP) e Juscelino Kubitschek (Bras\u00edlia-DF).<\/p>\n<p>Fonte: UOl<\/p>\n","protected":false},"excerpt":{"rendered":"<p>Em edi\u00e7\u00e3o extra do Di\u00e1rio Oficial da Uni\u00e3o (DOU) desta ter\u00e7a-feira (30), o governo federal proibiu a entrada de estrangeiros no pa\u00eds por 30 dias&#8230;.<\/p>\n","protected":false},"author":1182,"featured_media":19430,"comment_status":"closed","ping_status":"closed","sticky":false,"template":"","format":"standard","meta":{"footnotes":""},"categories":[6],"tags":[903,61,2752,1128,604,2755,2774],"class_list":["post-30241","post","type-post","status-publish","format-standard","has-post-thumbnail","hentry","category-noticias","tag-aeroporto","tag-brasil","tag-coronavirus","tag-entrada","tag-estrangeiros","tag-pandemia","tag-restricao"],"_links":{"self":[{"href":"https:\/\/www.sincomam.org.br\/index.php\/wp-json\/wp\/v2\/posts\/30241","targetHints":{"allow":["GET"]}}],"collection":[{"href":"https:\/\/www.sincomam.org.br\/index.php\/wp-json\/wp\/v2\/posts"}],"about":[{"href":"https:\/\/www.sincomam.org.br\/index.php\/wp-json\/wp\/v2\/types\/post"}],"author":[{"embeddable":true,"href":"https:\/\/www.sincomam.org.br\/index.php\/wp-json\/wp\/v2\/users\/1182"}],"replies":[{"embeddable":true,"href":"https:\/\/www.sincomam.org.br\/index.php\/wp-json\/wp\/v2\/comments?post=30241"}],"version-history":[{"count":2,"href":"https:\/\/www.sincomam.org.br\/index.php\/wp-json\/wp\/v2\/posts\/30241\/revisions"}],"predecessor-version":[{"id":30243,"href":"https:\/\/www.sincomam.org.br\/index.php\/wp-json\/wp\/v2\/posts\/30241\/revisions\/30243"}],"wp:featuredmedia":[{"embeddable":true,"href":"https:\/\/www.sincomam.org.br\/index.php\/wp-json\/wp\/v2\/media\/19430"}],"wp:attachment":[{"href":"https:\/\/www.sincomam.org.br\/index.php\/wp-json\/wp\/v2\/media?parent=30241"}],"wp:term":[{"taxonomy":"category","embeddable":true,"href":"https:\/\/www.sincomam.org.br\/index.php\/wp-json\/wp\/v2\/categories?post=30241"},{"taxonomy":"post_tag","embeddable":true,"href":"https:\/\/www.sincomam.org.br\/index.php\/wp-json\/wp\/v2\/tags?post=30241"}],"curies":[{"name":"wp","href":"https:\/\/api.w.org\/{rel}","templated":true}]}}