{"id":30227,"date":"2020-07-01T12:51:00","date_gmt":"2020-07-01T15:51:00","guid":{"rendered":"http:\/\/www.sincomam.org.br\/?p=30227"},"modified":"2020-07-01T12:51:00","modified_gmt":"2020-07-01T15:51:00","slug":"militares-se-mobilizam-para-proteger-indigenas-de-covid-19-na-amazonia","status":"publish","type":"post","link":"https:\/\/www.sincomam.org.br\/index.php\/militares-se-mobilizam-para-proteger-indigenas-de-covid-19-na-amazonia\/","title":{"rendered":"Militares se mobilizam para proteger ind\u00edgenas de covid-19 na Amaz\u00f4nia"},"content":{"rendered":"<p><strong><em>Equipes levaram alimentos e rem\u00e9dios a comunidades isoladas<\/em><\/strong><\/p>\n<p>Militares brasileiros entregaram equipamentos de prote\u00e7\u00e3o e rem\u00e9dios a comunidades ind\u00edgenas isoladas da Amaz\u00f4nia, na fronteira com a Venezuela, nessa ter\u00e7a-feira (30). Eles examinaram \u00edndios para detectar a covid-19.<\/p>\n<p>Nenhum teve diagn\u00f3stico positivo nos exames r\u00e1pidos de pun\u00e7\u00e3o digital, mas a pandemia de coronav\u00edrus amea\u00e7a dizimar dezenas de tribos da Amaz\u00f4nia, que n\u00e3o t\u00eam imunidade para doen\u00e7as externas e cuja vida comunit\u00e1ria impede o distanciamento social.<\/p>\n<p>A opera\u00e7\u00e3o visa a ajudar os iecuanas e ianom\u00e2mis, que moram na maior reserva do pa\u00eds. O governo brasileiro tem recebido cr\u00edticas de que n\u00e3o est\u00e1 fazendo o suficiente para proteger os ind\u00edgenas do cont\u00e1gio.<\/p>\n<p>&#8220;Essa opera\u00e7\u00e3o, que \u00e9 feita em conjunto com as For\u00e7as Armadas, tem a principal import\u00e2ncia de fazer o rastreamento por meio do teste de covid nas aldeias aqui pr\u00f3ximas&#8221;, disse o capit\u00e3o e m\u00e9dico naval Jarbas de Souza.<\/p>\n<p>O Ex\u00e9rcito transportou suprimentos de Boa Vista, capital de Roraima, em um helic\u00f3ptero Blackhawk, a um posto de fronteira dos militares na floresta tropical \u2013 caixas de m\u00e1scaras, \u00e1lcool em gel, aventais, luvas, exames e rem\u00e9dios, incluindo 13.500 comprimidos de cloroquina.<\/p>\n<p>Apreensivos, ianom\u00e2mis e iecuanas descal\u00e7os, mas com m\u00e1scaras, fizeram fila para serem examinados ou vistos por m\u00e9dicos para tratar de outras quest\u00f5es de sa\u00fade em um vilarejo pr\u00f3ximo. Beb\u00eas choraram depois das pun\u00e7\u00f5es digitais.<\/p>\n<p>&#8220;Como a sociedade, eles t\u00eam medo! \u00c9 um v\u00edrus desconhecido para eles, para n\u00f3s tamb\u00e9m, muitos preferiram se isolar sem ter contato ou com as equipes m\u00e9dicas, como forma de preven\u00e7\u00e3o, ent\u00e3o vemos que t\u00eam medo&#8221;, explicou Elaine Maciel, do escrit\u00f3rio regional da Funda\u00e7\u00e3o Nacional do \u00cdndio (Funai).<\/p>\n<p>Elaine disse que os iecuanas, que t\u00eam acesso \u00e0 internet e est\u00e3o mais a par da gravidade da pandemia de coronav\u00edrus, foram os que mais recearam os contatos, enquanto os ianom\u00e2mis interagiram com facilidade, trocando presentes com os forasteiros \u2013 no caso, seu artesanato por barras de sab\u00e3o e pilhas.<\/p>\n<p>O ministro da Defesa, Fernando Azevedo, visitar\u00e1 a opera\u00e7\u00e3o no posto de fronteira de Auaris nesta quarta-feira (1\u00ba).<\/p>\n<p>Fonte: Ag\u00eancia Brasil \/ Foto: divulga\u00e7\u00e3o Ex\u00e9rcito<\/p>\n","protected":false},"excerpt":{"rendered":"<p>Equipes levaram alimentos e rem\u00e9dios a comunidades isoladas Militares brasileiros entregaram equipamentos de prote\u00e7\u00e3o e rem\u00e9dios a comunidades ind\u00edgenas isoladas da Amaz\u00f4nia, na fronteira com&#8230;<\/p>\n","protected":false},"author":1182,"featured_media":30229,"comment_status":"closed","ping_status":"closed","sticky":false,"template":"","format":"standard","meta":{"footnotes":""},"categories":[6],"tags":[2942,2751,3314,692,3313,1733],"class_list":["post-30227","post","type-post","status-publish","format-standard","has-post-thumbnail","hentry","category-noticias","tag-amazonia","tag-covid-19","tag-indios","tag-militares","tag-mobilizacao","tag-protecao"],"_links":{"self":[{"href":"https:\/\/www.sincomam.org.br\/index.php\/wp-json\/wp\/v2\/posts\/30227","targetHints":{"allow":["GET"]}}],"collection":[{"href":"https:\/\/www.sincomam.org.br\/index.php\/wp-json\/wp\/v2\/posts"}],"about":[{"href":"https:\/\/www.sincomam.org.br\/index.php\/wp-json\/wp\/v2\/types\/post"}],"author":[{"embeddable":true,"href":"https:\/\/www.sincomam.org.br\/index.php\/wp-json\/wp\/v2\/users\/1182"}],"replies":[{"embeddable":true,"href":"https:\/\/www.sincomam.org.br\/index.php\/wp-json\/wp\/v2\/comments?post=30227"}],"version-history":[{"count":1,"href":"https:\/\/www.sincomam.org.br\/index.php\/wp-json\/wp\/v2\/posts\/30227\/revisions"}],"predecessor-version":[{"id":30230,"href":"https:\/\/www.sincomam.org.br\/index.php\/wp-json\/wp\/v2\/posts\/30227\/revisions\/30230"}],"wp:featuredmedia":[{"embeddable":true,"href":"https:\/\/www.sincomam.org.br\/index.php\/wp-json\/wp\/v2\/media\/30229"}],"wp:attachment":[{"href":"https:\/\/www.sincomam.org.br\/index.php\/wp-json\/wp\/v2\/media?parent=30227"}],"wp:term":[{"taxonomy":"category","embeddable":true,"href":"https:\/\/www.sincomam.org.br\/index.php\/wp-json\/wp\/v2\/categories?post=30227"},{"taxonomy":"post_tag","embeddable":true,"href":"https:\/\/www.sincomam.org.br\/index.php\/wp-json\/wp\/v2\/tags?post=30227"}],"curies":[{"name":"wp","href":"https:\/\/api.w.org\/{rel}","templated":true}]}}