{"id":30222,"date":"2020-07-01T12:38:14","date_gmt":"2020-07-01T15:38:14","guid":{"rendered":"http:\/\/www.sincomam.org.br\/?p=30222"},"modified":"2020-07-01T13:42:27","modified_gmt":"2020-07-01T16:42:27","slug":"ciclone-bomba-fenomeno-provocou-destruicao-e-morte-no-rs","status":"publish","type":"post","link":"https:\/\/www.sincomam.org.br\/index.php\/ciclone-bomba-fenomeno-provocou-destruicao-e-morte-no-rs\/","title":{"rendered":"Ciclone Bomba: fen\u00f4meno provocou destrui\u00e7\u00e3o e mortes em SC e no RS"},"content":{"rendered":"<p><strong><em>Evento causa temporais e vento acima de 100 km\/h; Ciclone deve atingir S\u00e3o Paulo e Rio de Janeiro, segundo Climatempo<\/em><\/strong><\/p>\n<p>Os fortes temporais associados \u00e0s rajadas de vento que atingiram a regi\u00e3o Sul do Brasil nesta ter\u00e7a-feira (30) causaram p\u00e2nico e destrui\u00e7\u00e3o na popula\u00e7\u00e3o ga\u00facha. O fen\u00f4meno chamado de ciclone bomba, provocou ainda dez mortes, sendo nove em Santa Catarina e um no Rio Grande do Sul. Os dados foram divulgados pela Defesa Civil dos estados.<\/p>\n<p>Segundo informa\u00e7\u00f5es das companhias de energia el\u00e9trica do Rio Grande do Sul, mais de 845 mil clientes est\u00e3o sem luz em todo o estado, al\u00e9m de ruas bloqueadas, sem\u00e1foros desligados, quedas de \u00e1rvores e destelhamentos de casas. Na cidade de Nova Prata, localizada na serra ga\u00facha, um homem de 53 anos morreu soterrado por deslizamento de terra.<\/p>\n<p>De acordo com informa\u00e7\u00f5es do Climatempo, o ciclone avan\u00e7a para a cidade S\u00e3o Paulo, que pode ter rajadas em torno dos 80 km\/h ao longo dia. As temperaturas tamb\u00e9m devem cair na capital paulista com a chegada da frente fria. A ventania tamb\u00e9m chegou ao Rio de Janeiro derrubando \u00e1rvores. A previs\u00e3o \u00e9 que o fen\u00f4meno cause ventos de at\u00e9 76 km\/h na capital fluminense e ressaca com ondas que devem atingir os 3,5 metros, segundo informou o Centro de Opera\u00e7\u00f5es Rio.<\/p>\n<p>A Marinha publicou um alerta de possibilidade de ressaca para o mar, com ondas entre tr\u00eas e quatro metros de altura no litoral do Rio Grande do Sul e de Santa Catarina.<\/p>\n<p><strong>Ciclone-Bomba<\/strong><\/p>\n<p>Trata-se de uma esp\u00e9cie de ciclone extratropical \u2014 ou seja, formado em latitudes m\u00e9dias, distante dos tr\u00f3picos \u2014, mas ainda mais intenso. As rajadas de vento podem chegar a 130 km\/h em algumas cidades do Rio Grande do Sul e Santa Catarina, de acordo com a MetSul Meteorologia.<\/p>\n<p>A previs\u00e3o do Climatempo indica que o fen\u00f4meno perca a for\u00e7a no decorrer da manh\u00e3 desta quarta-feira (1\u00b0), as rajadas m\u00e1ximas no sul e leste do RS e de SC devem baixar para at\u00e9 100 km\/h nos pr\u00f3ximos dias. \u00a0J\u00e1 no litoral do PR, de SP e do RJ, as rajadas reduzem para at\u00e9 80 km\/h.<\/p>\n","protected":false},"excerpt":{"rendered":"<p>Evento causa temporais e vento acima de 100 km\/h; Ciclone deve atingir S\u00e3o Paulo e Rio de Janeiro, segundo Climatempo Os fortes temporais associados \u00e0s&#8230;<\/p>\n","protected":false},"author":1182,"featured_media":30223,"comment_status":"closed","ping_status":"closed","sticky":false,"template":"","format":"standard","meta":{"footnotes":""},"categories":[6],"tags":[1159,3310,211,1756,3312,109,167,292,3311],"class_list":["post-30222","post","type-post","status-publish","format-standard","has-post-thumbnail","hentry","category-noticias","tag-chuva","tag-ciclone-bomba","tag-destruicao","tag-morte","tag-nova-prata","tag-parana","tag-rio-grande-do-sul","tag-santa-catarina","tag-vento"],"_links":{"self":[{"href":"https:\/\/www.sincomam.org.br\/index.php\/wp-json\/wp\/v2\/posts\/30222","targetHints":{"allow":["GET"]}}],"collection":[{"href":"https:\/\/www.sincomam.org.br\/index.php\/wp-json\/wp\/v2\/posts"}],"about":[{"href":"https:\/\/www.sincomam.org.br\/index.php\/wp-json\/wp\/v2\/types\/post"}],"author":[{"embeddable":true,"href":"https:\/\/www.sincomam.org.br\/index.php\/wp-json\/wp\/v2\/users\/1182"}],"replies":[{"embeddable":true,"href":"https:\/\/www.sincomam.org.br\/index.php\/wp-json\/wp\/v2\/comments?post=30222"}],"version-history":[{"count":7,"href":"https:\/\/www.sincomam.org.br\/index.php\/wp-json\/wp\/v2\/posts\/30222\/revisions"}],"predecessor-version":[{"id":30248,"href":"https:\/\/www.sincomam.org.br\/index.php\/wp-json\/wp\/v2\/posts\/30222\/revisions\/30248"}],"wp:featuredmedia":[{"embeddable":true,"href":"https:\/\/www.sincomam.org.br\/index.php\/wp-json\/wp\/v2\/media\/30223"}],"wp:attachment":[{"href":"https:\/\/www.sincomam.org.br\/index.php\/wp-json\/wp\/v2\/media?parent=30222"}],"wp:term":[{"taxonomy":"category","embeddable":true,"href":"https:\/\/www.sincomam.org.br\/index.php\/wp-json\/wp\/v2\/categories?post=30222"},{"taxonomy":"post_tag","embeddable":true,"href":"https:\/\/www.sincomam.org.br\/index.php\/wp-json\/wp\/v2\/tags?post=30222"}],"curies":[{"name":"wp","href":"https:\/\/api.w.org\/{rel}","templated":true}]}}