{"id":30220,"date":"2020-07-01T11:09:07","date_gmt":"2020-07-01T14:09:07","guid":{"rendered":"http:\/\/www.sincomam.org.br\/?p=30220"},"modified":"2020-07-01T11:09:07","modified_gmt":"2020-07-01T14:09:07","slug":"receita-prorroga-ate-31-de-julho-suspensao-das-acoes-de-cobranca","status":"publish","type":"post","link":"https:\/\/www.sincomam.org.br\/index.php\/receita-prorroga-ate-31-de-julho-suspensao-das-acoes-de-cobranca\/","title":{"rendered":"Receita prorroga at\u00e9 31 de julho suspens\u00e3o das a\u00e7\u00f5es de cobran\u00e7a"},"content":{"rendered":"<p><strong><em>Atendimento presencial continua restrito a servi\u00e7os essenciais<\/em><\/strong><\/p>\n<p>A Receita Federal prorrogou at\u00e9 31 de julho as medidas tempor\u00e1rias adotadas por conta da pandemia do coronav\u00edrus (covid-19) referentes \u00e0s regras para o atendimento presencial e procedimentos administrativos.<\/p>\n<p>Segundo a Receita, os procedimentos administrativos que permanecem suspensos at\u00e9 o dia 31 de julho s\u00e3o: emiss\u00e3o eletr\u00f4nica automatizada de aviso de cobran\u00e7a e intima\u00e7\u00e3o para pagamento de tributos; procedimento de exclus\u00e3o de contribuinte de parcelamento por inadimpl\u00eancia de parcelas; registro de pend\u00eancia de regulariza\u00e7\u00e3o no Cadastro de Pessoas F\u00edsicas motivado por aus\u00eancia de declara\u00e7\u00e3o; registro de inaptid\u00e3o no Cadastro Nacional da Pessoa Jur\u00eddica motivado por aus\u00eancia de declara\u00e7\u00e3o.<\/p>\n<p>O prazo para atendimento a intima\u00e7\u00f5es da Malha Fiscal da Pessoa F\u00edsica e apresenta\u00e7\u00e3o de contesta\u00e7\u00e3o a Notifica\u00e7\u00f5es de Lan\u00e7amento, tamb\u00e9m da Malha Fiscal, dos despachos decis\u00f3rios dos Pedidos de Restitui\u00e7\u00e3o, Ressarcimento e Reembolso, e Declara\u00e7\u00f5es de Compensa\u00e7\u00e3o ficam prorrogado at\u00e9 o dia 31 de julho.<\/p>\n<p>O atendimento presencial nas unidades de atendimento da Receita ficar\u00e1 restrito, at\u00e9 31 de julho de 2020, mediante agendamento pr\u00e9vio obrigat\u00f3rio, aos seguintes servi\u00e7os: regulariza\u00e7\u00e3o de Cadastro de Pessoas F\u00edsicas; c\u00f3pia de documentos relativos \u00e0 Declara\u00e7\u00e3o de Ajuste Anual do Imposto sobre a Renda da Pessoa F\u00edsica e \u00e0 Declara\u00e7\u00e3o do Imposto sobre a Renda Retido na Fonte \u2013 benefici\u00e1rio; parcelamentos e reparcelamentos n\u00e3o dispon\u00edveis na internet; procura\u00e7\u00e3o. Tamb\u00e9m ser\u00e1 poss\u00edvel o atendimento presencial para protocolo de processos relativos aos servi\u00e7os de an\u00e1lise e libera\u00e7\u00e3o de certid\u00e3o de regularidade fiscal perante a Fazenda Nacional; an\u00e1lise e libera\u00e7\u00e3o de certid\u00e3o de regularidade fiscal de im\u00f3vel rural; n\u00e1lise e libera\u00e7\u00e3o de certid\u00e3o para averba\u00e7\u00e3o de obra de constru\u00e7\u00e3o civil; retifica\u00e7\u00f5es de pagamento; e Cadastro Nacional da Pessoa Jur\u00eddica.<\/p>\n<p>Caso o servi\u00e7o procurado n\u00e3o esteja entre os relacionados, o interessado dever\u00e1 efetuar o atendimento por meio do Centro Virtual de Atendimento (e-CAC), na p\u00e1gina na internet. Segundo a Receita, outros casos excepcionais ser\u00e3o avaliados e o chefe da unidade poder\u00e1 autorizar o atendimento presencial.<\/p>\n<p>\u201cA restri\u00e7\u00e3o tempor\u00e1ria do fluxo de contribuintes nas unidades de atendimento da Receita Federal visa \u00e0 prote\u00e7\u00e3o dos contribuintes que procuram os servi\u00e7os, bem como a prote\u00e7\u00e3o dos servidores que ali trabalham\u201d, afirmou o \u00f3rg\u00e3o.<\/p>\n<p>Fonte: Ag\u00eancia Brasil<\/p>\n","protected":false},"excerpt":{"rendered":"<p>Atendimento presencial continua restrito a servi\u00e7os essenciais A Receita Federal prorrogou at\u00e9 31 de julho as medidas tempor\u00e1rias adotadas por conta da pandemia do coronav\u00edrus&#8230;<\/p>\n","protected":false},"author":1182,"featured_media":18121,"comment_status":"closed","ping_status":"closed","sticky":false,"template":"","format":"standard","meta":{"footnotes":""},"categories":[6],"tags":[3223,2752,2755,215,2774,862],"class_list":["post-30220","post","type-post","status-publish","format-standard","has-post-thumbnail","hentry","category-noticias","tag-cobranca","tag-coronavirus","tag-pandemia","tag-receita-federal","tag-restricao","tag-servicos"],"_links":{"self":[{"href":"https:\/\/www.sincomam.org.br\/index.php\/wp-json\/wp\/v2\/posts\/30220","targetHints":{"allow":["GET"]}}],"collection":[{"href":"https:\/\/www.sincomam.org.br\/index.php\/wp-json\/wp\/v2\/posts"}],"about":[{"href":"https:\/\/www.sincomam.org.br\/index.php\/wp-json\/wp\/v2\/types\/post"}],"author":[{"embeddable":true,"href":"https:\/\/www.sincomam.org.br\/index.php\/wp-json\/wp\/v2\/users\/1182"}],"replies":[{"embeddable":true,"href":"https:\/\/www.sincomam.org.br\/index.php\/wp-json\/wp\/v2\/comments?post=30220"}],"version-history":[{"count":1,"href":"https:\/\/www.sincomam.org.br\/index.php\/wp-json\/wp\/v2\/posts\/30220\/revisions"}],"predecessor-version":[{"id":30221,"href":"https:\/\/www.sincomam.org.br\/index.php\/wp-json\/wp\/v2\/posts\/30220\/revisions\/30221"}],"wp:featuredmedia":[{"embeddable":true,"href":"https:\/\/www.sincomam.org.br\/index.php\/wp-json\/wp\/v2\/media\/18121"}],"wp:attachment":[{"href":"https:\/\/www.sincomam.org.br\/index.php\/wp-json\/wp\/v2\/media?parent=30220"}],"wp:term":[{"taxonomy":"category","embeddable":true,"href":"https:\/\/www.sincomam.org.br\/index.php\/wp-json\/wp\/v2\/categories?post=30220"},{"taxonomy":"post_tag","embeddable":true,"href":"https:\/\/www.sincomam.org.br\/index.php\/wp-json\/wp\/v2\/tags?post=30220"}],"curies":[{"name":"wp","href":"https:\/\/api.w.org\/{rel}","templated":true}]}}