{"id":30217,"date":"2020-06-30T10:04:34","date_gmt":"2020-06-30T13:04:34","guid":{"rendered":"http:\/\/www.sincomam.org.br\/?p=30217"},"modified":"2020-06-30T10:04:34","modified_gmt":"2020-06-30T13:04:34","slug":"marinha-leva-profissionais-e-insumos-de-saude-as-terras-indigenas-em-roraima","status":"publish","type":"post","link":"https:\/\/www.sincomam.org.br\/index.php\/marinha-leva-profissionais-e-insumos-de-saude-as-terras-indigenas-em-roraima\/","title":{"rendered":"Marinha leva profissionais e insumos de sa\u00fade \u00e0s terras ind\u00edgenas, em Roraima"},"content":{"rendered":"<p><strong><em>A\u00e7\u00e3o preventiva tem objetivo de levar seguran\u00e7a \u00e0s comunidades ind\u00edgenas<\/em><\/strong><\/p>\n<p>Os Minist\u00e9rios da Defesa e da Sa\u00fade informam que diversas a\u00e7\u00f5es vem sendo realizadas para apoiar as comunidades ind\u00edgenas no combate \u00e0 Covid-19. Recentemente, uma aeronave da For\u00e7a A\u00e9rea Brasileira (FAB), decolou de Bras\u00edlia, levando m\u00e9dicos, enfermeiros e t\u00e9cnicos de enfermagem das For\u00e7as Armadas, al\u00e9m de itens de prote\u00e7\u00e3o individual e insumos m\u00e9dicos.\u00a0 Os profissionais e insumos devem beneficiar cerca de 2,5 mil ind\u00edgenas das etnias Yanomami, Macuxi e Ye\u2019Kuana, que vivem nas reservas Yanomami e Raposa Serra do Sol, em Roraima.<\/p>\n<p>Segundo informa\u00e7\u00f5es do Minist\u00e9rio, a equipe de sa\u00fade, composta por 21 militares da Marinha, do Ex\u00e9rcito e da Aeron\u00e1utica, atua em conjunto com profissionais da Secretaria Especial de Sa\u00fade Ind\u00edgena (Sesai), em 136 aldeias dos Distritos Sanit\u00e1rios Especiais (DSEI) Yanomami e Leste de Roraima.<\/p>\n<p>O Vice-Almirante Carlos Chagas Vianna Braga, Assessor Especial do Ministro de Estado da Defesa, ministrou palestra no Audit\u00f3rio do Sexto Esquadr\u00e3o de Transporte A\u00e9reo (6\u00ba ETA), Esquadr\u00e3o Guar\u00e1, e explicou para militares e jornalistas que o Minist\u00e9rio da Defesa possui um Centro de Opera\u00e7\u00f5es Conjuntas, para atuar na coordena\u00e7\u00e3o e no planejamento do emprego das For\u00e7as Armadas no combate ao coronav\u00edrus.<\/p>\n<p><strong>Opera\u00e7\u00e3o Covid-19<\/strong><\/p>\n<p>Em tr\u00eas meses, o Minist\u00e9rio da Defesa, por meio da For\u00e7a A\u00e9rea Brasileira, transportou 350 toneladas de materiais de sa\u00fade. No total, foram 1.038 horas de voo, o suficiente para dar 11 voltas ao planeta, uma a cada nove dias de Opera\u00e7\u00e3o Covid19.<\/p>\n<p>O Minist\u00e9rio comunica que j\u00e1 foram realizadas mais de 2,6 mil descontamina\u00e7\u00f5es de espa\u00e7os p\u00fablicos, transportadas 16 mil toneladas de material de sa\u00fade, nos modais a\u00e9reo e terrestre, entregues mais de 570 mil kits de alimenta\u00e7\u00e3o, realizadas mais de 19 mil doa\u00e7\u00f5es de sangue, dentre in\u00fameras outras a\u00e7\u00f5es.<\/p>\n<p>*Com informa\u00e7\u00f5es da Marinha do Brasil<\/p>\n","protected":false},"excerpt":{"rendered":"<p>A\u00e7\u00e3o preventiva tem objetivo de levar seguran\u00e7a \u00e0s comunidades ind\u00edgenas Os Minist\u00e9rios da Defesa e da Sa\u00fade informam que diversas a\u00e7\u00f5es vem sendo realizadas para&#8230;<\/p>\n","protected":false},"author":1182,"featured_media":30218,"comment_status":"closed","ping_status":"closed","sticky":false,"template":"","format":"standard","meta":{"footnotes":""},"categories":[6],"tags":[606,1162,3307,2752,2751,1161,3308,3305,3306,1011,3309,519],"class_list":["post-30217","post","type-post","status-publish","format-standard","has-post-thumbnail","hentry","category-noticias","tag-acao","tag-armadas","tag-comunidade","tag-coronavirus","tag-covid-19","tag-forcas","tag-indigenas","tag-insumos","tag-medicos","tag-profissionais","tag-roraima","tag-saude"],"_links":{"self":[{"href":"https:\/\/www.sincomam.org.br\/index.php\/wp-json\/wp\/v2\/posts\/30217","targetHints":{"allow":["GET"]}}],"collection":[{"href":"https:\/\/www.sincomam.org.br\/index.php\/wp-json\/wp\/v2\/posts"}],"about":[{"href":"https:\/\/www.sincomam.org.br\/index.php\/wp-json\/wp\/v2\/types\/post"}],"author":[{"embeddable":true,"href":"https:\/\/www.sincomam.org.br\/index.php\/wp-json\/wp\/v2\/users\/1182"}],"replies":[{"embeddable":true,"href":"https:\/\/www.sincomam.org.br\/index.php\/wp-json\/wp\/v2\/comments?post=30217"}],"version-history":[{"count":1,"href":"https:\/\/www.sincomam.org.br\/index.php\/wp-json\/wp\/v2\/posts\/30217\/revisions"}],"predecessor-version":[{"id":30219,"href":"https:\/\/www.sincomam.org.br\/index.php\/wp-json\/wp\/v2\/posts\/30217\/revisions\/30219"}],"wp:featuredmedia":[{"embeddable":true,"href":"https:\/\/www.sincomam.org.br\/index.php\/wp-json\/wp\/v2\/media\/30218"}],"wp:attachment":[{"href":"https:\/\/www.sincomam.org.br\/index.php\/wp-json\/wp\/v2\/media?parent=30217"}],"wp:term":[{"taxonomy":"category","embeddable":true,"href":"https:\/\/www.sincomam.org.br\/index.php\/wp-json\/wp\/v2\/categories?post=30217"},{"taxonomy":"post_tag","embeddable":true,"href":"https:\/\/www.sincomam.org.br\/index.php\/wp-json\/wp\/v2\/tags?post=30217"}],"curies":[{"name":"wp","href":"https:\/\/api.w.org\/{rel}","templated":true}]}}