{"id":30192,"date":"2020-06-29T13:22:18","date_gmt":"2020-06-29T16:22:18","guid":{"rendered":"http:\/\/www.sincomam.org.br\/?p=30192"},"modified":"2020-06-29T13:23:09","modified_gmt":"2020-06-29T16:23:09","slug":"receio-de-demissao-atinge-nivel-mais-alto-desde-2010-diz-cnc","status":"publish","type":"post","link":"https:\/\/www.sincomam.org.br\/index.php\/receio-de-demissao-atinge-nivel-mais-alto-desde-2010-diz-cnc\/","title":{"rendered":"Receio de demiss\u00e3o atinge n\u00edvel mais alto desde 2010, diz CNC"},"content":{"rendered":"<p><strong><em>A parcela de brasileiros que se sentem menos seguros com o seu emprego atingiu em junho 32,6% dos entrevistados <\/em><\/strong><\/p>\n<p>Pesquisa da Confedera\u00e7\u00e3o Nacional do Com\u00e9rcio de Bens, Servi\u00e7os e Turismo (CNC), que mede a Inten\u00e7\u00e3o de Consumo das Fam\u00edlias, mostra que a parcela de brasileiros que se sentem menos seguros com o seu emprego atingiu em junho 32,6% dos entrevistados, o n\u00edvel mais elevado da s\u00e9rie iniciada em janeiro de 2010.<\/p>\n<p>O \u00edndice referente ao emprego atual registrou, neste m\u00eas, suas quedas mais significativas, tanto no comparativo mensal (-12,6%) quanto no anual (-23,7%), caindo ao menor n\u00edvel hist\u00f3rico (88,5 pontos). \u00c9 a primeira vez, desde junho de 2016, que esse indicador entra na zona de pessimismo (abaixo de 100 pontos).<\/p>\n<p>Os entrevistados tamb\u00e9m se mostraram insatisfeitos em rela\u00e7\u00e3o \u00e0 perspectiva profissional. Mais de 60% demonstraram pessimismo para os pr\u00f3ximos seis meses. Este item tamb\u00e9m atingiu, em junho, sua pior pontua\u00e7\u00e3o em mais de dez anos (69,9 pontos).<\/p>\n<p>A pesquisa completa ser\u00e1 divulgada nesta segunda-feira (29\/6).<\/p>\n<p><strong>Taxa de desemprego<\/strong><\/p>\n<p>A Pesquisa Nacional por Amostra de Domic\u00edlios Cont\u00ednua (PNAD Cont\u00ednua) divulgou que a taxa de desocupa\u00e7\u00e3o passou de 11,2% para 12,6% no trimestre terminado em abril, atingindo 12,8 milh\u00f5es de desempregados. Com isso, s\u00e3o 898 mil pessoas a mais \u00e0 procura de trabalho, em meio aos impactos da pandemia de coronav\u00edrus na atividade econ\u00f4mica. Trata-se tamb\u00e9m da maior taxa de desemprego desde o trimestre terminado em mar\u00e7o do ano passado, quando foi de 12,7%.<\/p>\n<p>Fonte: Veja Economia &#8211; Robson Bonin<\/p>\n","protected":false},"excerpt":{"rendered":"<p>A parcela de brasileiros que se sentem menos seguros com o seu emprego atingiu em junho 32,6% dos entrevistados Pesquisa da Confedera\u00e7\u00e3o Nacional do Com\u00e9rcio&#8230;<\/p>\n","protected":false},"author":1182,"featured_media":10201,"comment_status":"closed","ping_status":"closed","sticky":false,"template":"","format":"standard","meta":{"footnotes":""},"categories":[6],"tags":[61,855,3297,1502,833,1140],"class_list":["post-30192","post","type-post","status-publish","format-standard","has-post-thumbnail","hentry","category-noticias","tag-brasil","tag-brasileiros","tag-cnc","tag-demissao","tag-desemprego","tag-trabalhadores"],"_links":{"self":[{"href":"https:\/\/www.sincomam.org.br\/index.php\/wp-json\/wp\/v2\/posts\/30192","targetHints":{"allow":["GET"]}}],"collection":[{"href":"https:\/\/www.sincomam.org.br\/index.php\/wp-json\/wp\/v2\/posts"}],"about":[{"href":"https:\/\/www.sincomam.org.br\/index.php\/wp-json\/wp\/v2\/types\/post"}],"author":[{"embeddable":true,"href":"https:\/\/www.sincomam.org.br\/index.php\/wp-json\/wp\/v2\/users\/1182"}],"replies":[{"embeddable":true,"href":"https:\/\/www.sincomam.org.br\/index.php\/wp-json\/wp\/v2\/comments?post=30192"}],"version-history":[{"count":1,"href":"https:\/\/www.sincomam.org.br\/index.php\/wp-json\/wp\/v2\/posts\/30192\/revisions"}],"predecessor-version":[{"id":30193,"href":"https:\/\/www.sincomam.org.br\/index.php\/wp-json\/wp\/v2\/posts\/30192\/revisions\/30193"}],"wp:featuredmedia":[{"embeddable":true,"href":"https:\/\/www.sincomam.org.br\/index.php\/wp-json\/wp\/v2\/media\/10201"}],"wp:attachment":[{"href":"https:\/\/www.sincomam.org.br\/index.php\/wp-json\/wp\/v2\/media?parent=30192"}],"wp:term":[{"taxonomy":"category","embeddable":true,"href":"https:\/\/www.sincomam.org.br\/index.php\/wp-json\/wp\/v2\/categories?post=30192"},{"taxonomy":"post_tag","embeddable":true,"href":"https:\/\/www.sincomam.org.br\/index.php\/wp-json\/wp\/v2\/tags?post=30192"}],"curies":[{"name":"wp","href":"https:\/\/api.w.org\/{rel}","templated":true}]}}