{"id":30183,"date":"2020-06-29T11:22:55","date_gmt":"2020-06-29T14:22:55","guid":{"rendered":"http:\/\/www.sincomam.org.br\/?p=30183"},"modified":"2020-06-29T11:22:55","modified_gmt":"2020-06-29T14:22:55","slug":"marinha-informa-submarino-tonelero-recebe-plataforma-auxiliar-de-re","status":"publish","type":"post","link":"https:\/\/www.sincomam.org.br\/index.php\/marinha-informa-submarino-tonelero-recebe-plataforma-auxiliar-de-re\/","title":{"rendered":"Marinha informa: Submarino \u201cTonelero\u201d recebe plataforma auxiliar de r\u00e9"},"content":{"rendered":"<p><strong><em>Equipe t\u00e9cnica realiza ajustes finais para embarque do cradle<\/em><\/strong><\/p>\n<p>A Marinha do Brasil anunciou que, no dia 25 de junho, foi realizado o embarque da plataforma auxiliar de r\u00e9 (cradle) no interior do Submarino \u201cTonelero\u201d, nas instala\u00e7\u00f5es da Unidade de Fabrica\u00e7\u00e3o de Estruturas Met\u00e1licas, em Itagua\u00ed-RJ. A estrutura foi embarcada na Se\u00e7\u00e3o S2A do casco resistente, em cumprimento \u00e0s metas de constru\u00e7\u00e3o do terceiro submarino convencional.<\/p>\n<p>Segundo informa\u00e7\u00f5es divulgadas pela Marinha, o evento representa um marco no processo construtivo do Submarino \u201cTonelero\u201d, iniciando a fase de integra\u00e7\u00e3o das se\u00e7\u00f5es e instala\u00e7\u00e3o de sistemas e equipamentos. Essa opera\u00e7\u00e3o consiste em uma atividade industrial complexa, por associar tarefas de manobra de peso com as mec\u00e2nicas e \u00f3ticas de precis\u00e3o, envolvendo m\u00e3o de obra de elevada qualifica\u00e7\u00e3o t\u00e9cnico-profissional.<\/p>\n<p>O \u00eaxito do processo construtivo do Submarino \u201cTonelero\u201d consolida a capacita\u00e7\u00e3o t\u00e9cnica da Marinha do Brasil, bem como da Itagua\u00ed Constru\u00e7\u00f5es Navais, na condu\u00e7\u00e3o de obras de meios navais de alta complexidade tecnol\u00f3gica, sinalizando mais um avan\u00e7o do Programa de Desenvolvimento de Submarinos (PROSUB).<\/p>\n<p>\u201cO programa permitir\u00e1 ao Pa\u00eds desenvolver, de forma aut\u00f3ctone, novas tecnologias, aliado \u00e0 nacionaliza\u00e7\u00e3o de sistemas e equipamentos, com significativo ganho para a Base Industrial de Defesa\u201d, ressaltou o comunicado da Marinha.<\/p>\n<p>*Com informa\u00e7\u00f5es da Marinha do Brasil<\/p>\n","protected":false},"excerpt":{"rendered":"<p>Equipe t\u00e9cnica realiza ajustes finais para embarque do cradle A Marinha do Brasil anunciou que, no dia 25 de junho, foi realizado o embarque da&#8230;<\/p>\n","protected":false},"author":1182,"featured_media":30184,"comment_status":"closed","ping_status":"closed","sticky":false,"template":"","format":"standard","meta":{"footnotes":""},"categories":[6],"tags":[61,3294,1105,3296,3120,15,186,59,430,3295],"class_list":["post-30183","post","type-post","status-publish","format-standard","has-post-thumbnail","hentry","category-noticias","tag-brasil","tag-equipe","tag-estrutura","tag-fabricacao","tag-itaguai","tag-marinha","tag-plataforma","tag-rio-de-janeiro","tag-submarino","tag-tonelero"],"_links":{"self":[{"href":"https:\/\/www.sincomam.org.br\/index.php\/wp-json\/wp\/v2\/posts\/30183","targetHints":{"allow":["GET"]}}],"collection":[{"href":"https:\/\/www.sincomam.org.br\/index.php\/wp-json\/wp\/v2\/posts"}],"about":[{"href":"https:\/\/www.sincomam.org.br\/index.php\/wp-json\/wp\/v2\/types\/post"}],"author":[{"embeddable":true,"href":"https:\/\/www.sincomam.org.br\/index.php\/wp-json\/wp\/v2\/users\/1182"}],"replies":[{"embeddable":true,"href":"https:\/\/www.sincomam.org.br\/index.php\/wp-json\/wp\/v2\/comments?post=30183"}],"version-history":[{"count":1,"href":"https:\/\/www.sincomam.org.br\/index.php\/wp-json\/wp\/v2\/posts\/30183\/revisions"}],"predecessor-version":[{"id":30185,"href":"https:\/\/www.sincomam.org.br\/index.php\/wp-json\/wp\/v2\/posts\/30183\/revisions\/30185"}],"wp:featuredmedia":[{"embeddable":true,"href":"https:\/\/www.sincomam.org.br\/index.php\/wp-json\/wp\/v2\/media\/30184"}],"wp:attachment":[{"href":"https:\/\/www.sincomam.org.br\/index.php\/wp-json\/wp\/v2\/media?parent=30183"}],"wp:term":[{"taxonomy":"category","embeddable":true,"href":"https:\/\/www.sincomam.org.br\/index.php\/wp-json\/wp\/v2\/categories?post=30183"},{"taxonomy":"post_tag","embeddable":true,"href":"https:\/\/www.sincomam.org.br\/index.php\/wp-json\/wp\/v2\/tags?post=30183"}],"curies":[{"name":"wp","href":"https:\/\/api.w.org\/{rel}","templated":true}]}}