{"id":30181,"date":"2020-06-29T11:17:18","date_gmt":"2020-06-29T14:17:18","guid":{"rendered":"http:\/\/www.sincomam.org.br\/?p=30181"},"modified":"2020-07-03T11:53:32","modified_gmt":"2020-07-03T14:53:32","slug":"petrobras-informa-que-transpetro-tera-plano-de-desligamento-dos-funcionarios","status":"publish","type":"post","link":"https:\/\/www.sincomam.org.br\/index.php\/petrobras-informa-que-transpetro-tera-plano-de-desligamento-dos-funcionarios\/","title":{"rendered":"Transpetro ter\u00e1 plano de desligamento de 557 funcion\u00e1rios"},"content":{"rendered":"<p><strong><em>Programa visa promover a adequa\u00e7\u00e3o do efetivo mar\u00edtimo \u00e0s a\u00e7\u00f5es de gest\u00e3o ativa da frota&#8221;, disse a Petrobras<\/em><\/strong><\/p>\n<p>A Petrobras comunicou que sua subsidi\u00e1ria integral Transpetro, aprovou a cria\u00e7\u00e3o de um Programa de Desligamento Volunt\u00e1rio (PDV) exclusivo para seus empregados. Os desligamentos dever\u00e3o ocorrer entre setembro de 2020 e julho de 2021 e est\u00e3o estimados em cerca de 557 empregados.<\/p>\n<p><em>\u201cO programa tem uma estimativa de retorno (custo evitado de pessoal menos o desembolso com indeniza\u00e7\u00f5es) de R$ 552 milh\u00f5es at\u00e9 2025 e visa promover a adequa\u00e7\u00e3o do efetivo mar\u00edtimo \u00e0s a\u00e7\u00f5es de gest\u00e3o ativa da frota\u201d, disse a Petrobras, em comunicado. <\/em><\/p>\n<p>Segundo a estatal, o PDV \u00e9 uma importante ferramenta de gest\u00e3o de efetivo, sendo mais uma medida com foco na redu\u00e7\u00e3o de custos, a fim de refor\u00e7ar a resili\u00eancia dos neg\u00f3cios da companhia.<\/p>\n<p>No ano passado, a Petrobras lan\u00e7ou tr\u00eas Programas de Desligamento Volunt\u00e1rio (PDV). O primeiro foi para os aposentados pelo INSS at\u00e9 junho de 2020. O segundo foi direcionado aos empregados das unidades em processo de desinvestimento. E o terceiro para empregados que trabalham no segmento corporativo.<\/p>\n<p>&#8220;A companhia est\u00e1 desinvestindo em alguns ativos e focando em outros mais alinhados com sua expertise, buscando assim o aumento da gera\u00e7\u00e3o de valor e maior competitividade frente aos seus concorrentes&#8221;, conforme a nota da Petrobras, publicada em 2019.<\/p>\n<p>A Petrobras refor\u00e7a as a\u00e7\u00f5es visam o compromisso com a transpar\u00eancia e o respeito a todos os seus empregados e de suas subsidi\u00e1rias.<\/p>\n<p>*Com informa\u00e7\u00f5es da Ag\u00eancia Petrobras<\/p>\n","protected":false},"excerpt":{"rendered":"<p>Programa visa promover a adequa\u00e7\u00e3o do efetivo mar\u00edtimo \u00e0s a\u00e7\u00f5es de gest\u00e3o ativa da frota&#8221;, disse a Petrobras A Petrobras comunicou que sua subsidi\u00e1ria integral&#8230;<\/p>\n","protected":false},"author":1182,"featured_media":8743,"comment_status":"closed","ping_status":"closed","sticky":false,"template":"","format":"standard","meta":{"footnotes":""},"categories":[6],"tags":[590,1502,698,878,217,2324,3293,58,754,1589],"class_list":["post-30181","post","type-post","status-publish","format-standard","has-post-thumbnail","hentry","category-noticias","tag-acoes","tag-demissao","tag-desligamento","tag-frota","tag-funcionarios","tag-maritimos","tag-pdv","tag-petrobras","tag-programa","tag-voluntario"],"_links":{"self":[{"href":"https:\/\/www.sincomam.org.br\/index.php\/wp-json\/wp\/v2\/posts\/30181","targetHints":{"allow":["GET"]}}],"collection":[{"href":"https:\/\/www.sincomam.org.br\/index.php\/wp-json\/wp\/v2\/posts"}],"about":[{"href":"https:\/\/www.sincomam.org.br\/index.php\/wp-json\/wp\/v2\/types\/post"}],"author":[{"embeddable":true,"href":"https:\/\/www.sincomam.org.br\/index.php\/wp-json\/wp\/v2\/users\/1182"}],"replies":[{"embeddable":true,"href":"https:\/\/www.sincomam.org.br\/index.php\/wp-json\/wp\/v2\/comments?post=30181"}],"version-history":[{"count":3,"href":"https:\/\/www.sincomam.org.br\/index.php\/wp-json\/wp\/v2\/posts\/30181\/revisions"}],"predecessor-version":[{"id":30288,"href":"https:\/\/www.sincomam.org.br\/index.php\/wp-json\/wp\/v2\/posts\/30181\/revisions\/30288"}],"wp:featuredmedia":[{"embeddable":true,"href":"https:\/\/www.sincomam.org.br\/index.php\/wp-json\/wp\/v2\/media\/8743"}],"wp:attachment":[{"href":"https:\/\/www.sincomam.org.br\/index.php\/wp-json\/wp\/v2\/media?parent=30181"}],"wp:term":[{"taxonomy":"category","embeddable":true,"href":"https:\/\/www.sincomam.org.br\/index.php\/wp-json\/wp\/v2\/categories?post=30181"},{"taxonomy":"post_tag","embeddable":true,"href":"https:\/\/www.sincomam.org.br\/index.php\/wp-json\/wp\/v2\/tags?post=30181"}],"curies":[{"name":"wp","href":"https:\/\/api.w.org\/{rel}","templated":true}]}}