{"id":30159,"date":"2020-06-26T12:00:54","date_gmt":"2020-06-26T15:00:54","guid":{"rendered":"http:\/\/www.sincomam.org.br\/?p=30159"},"modified":"2020-06-26T12:03:02","modified_gmt":"2020-06-26T15:03:02","slug":"aguas-do-rio-sao-francisco-chegam-ao-ceara","status":"publish","type":"post","link":"https:\/\/www.sincomam.org.br\/index.php\/aguas-do-rio-sao-francisco-chegam-ao-ceara\/","title":{"rendered":"\u00c1guas do Rio S\u00e3o Francisco chegam ao estado do Cear\u00e1"},"content":{"rendered":"<p><strong><em>Projeto de Integra\u00e7\u00e3o do Rio S\u00e3o Francisco soma 477 quil\u00f4metros de extens\u00e3o \u00e9 o maior empreendimento h\u00eddrico do pa\u00eds<\/em><\/strong><\/p>\n<p>Ap\u00f3s alguns anos de projeto, as \u00e1guas do Rio S\u00e3o Francisco chegam ao estado do Cear\u00e1, nesta sexta-feira (26) com o acionamento da comporta do Eixo Norte do Projeto de transposi\u00e7\u00e3o, segundo informa\u00e7\u00f5es divulgadas pelo Governo.<\/p>\n<p>As \u00e1guas do rio, que j\u00e1 abastecem o Reservat\u00f3rio Milagres, em Pernambuco, passar\u00e3o pelo T\u00fanel Milagres, na fronteira dos dois estados, chegar\u00e3o ao Reservat\u00f3rio Jati, no Cear\u00e1, e seguir\u00e3o at\u00e9 os estados da Para\u00edba e do Rio Grande do Norte.\u00a0 Hoje (26), o Presidente Jair Bolsonaro participou do evento de entrega das obras de integra\u00e7\u00e3o do Rio S\u00e3o Francisco.<\/p>\n<p>Considerado o maior empreendimento h\u00eddrico do pa\u00eds, o Projeto de Integra\u00e7\u00e3o do Rio S\u00e3o Francisco soma 477 quil\u00f4metros de extens\u00e3o. Quando todas a estruturas e os sistemas complementares estiverem em opera\u00e7\u00e3o, cerca de 12 milh\u00f5es de pessoas em 390 munic\u00edpios de Pernambuco, Para\u00edba, Cear\u00e1 e Rio Grande do Norte ser\u00e3o beneficiadas.<\/p>\n<p>O ministro do Desenvolvimento Regional, Rog\u00e9rio Marinho, destacou que a orienta\u00e7\u00e3o do presidente Jair Bolsonaro \u00e9 dar prioridade absoluta em obras h\u00eddricas, em especial no Nordeste. \u201cO presidente Bolsonaro nos orientou que n\u00e3o paralis\u00e1ssemos obras que estavam tendo continuidade. N\u00f3s n\u00e3o vamos repetir erros do passado\u201d, disse.<\/p>\n<p>Segundo o Minist\u00e9rio do Desenvolvimento Regional, o empreendimento j\u00e1 est\u00e1 com 83% de sua estrutura constru\u00edda; e a entrega deve ocorrer em dezembro deste ano. Quando conclu\u00eddo, beneficiar\u00e1 cerca de 350 mil pessoas com as \u00e1guas do Rio S\u00e3o Francisco.<\/p>\n<p>Recentemente, o Governo Federal tamb\u00e9m liberou recursos para obras de seguran\u00e7a h\u00eddrica na Para\u00edba e em Pernambuco.<\/p>\n<p>*Com informa\u00e7\u00f5es do Minist\u00e9rio do Desenvolvimento Regional \/ Foto: Minist\u00e9rio da Integra\u00e7\u00e3o<\/p>\n<p>&nbsp;<\/p>\n","protected":false},"excerpt":{"rendered":"<p>Projeto de Integra\u00e7\u00e3o do Rio S\u00e3o Francisco soma 477 quil\u00f4metros de extens\u00e3o \u00e9 o maior empreendimento h\u00eddrico do pa\u00eds Ap\u00f3s alguns anos de projeto, as&#8230;<\/p>\n","protected":false},"author":1182,"featured_media":30164,"comment_status":"closed","ping_status":"closed","sticky":false,"template":"","format":"standard","meta":{"footnotes":""},"categories":[6],"tags":[602,3051,175,3287,1217,367,229,3286],"class_list":["post-30159","post","type-post","status-publish","format-standard","has-post-thumbnail","hentry","category-noticias","tag-abertura","tag-aguas","tag-ceara","tag-comporta","tag-integracao","tag-projeto","tag-rio","tag-sao-francisco"],"_links":{"self":[{"href":"https:\/\/www.sincomam.org.br\/index.php\/wp-json\/wp\/v2\/posts\/30159","targetHints":{"allow":["GET"]}}],"collection":[{"href":"https:\/\/www.sincomam.org.br\/index.php\/wp-json\/wp\/v2\/posts"}],"about":[{"href":"https:\/\/www.sincomam.org.br\/index.php\/wp-json\/wp\/v2\/types\/post"}],"author":[{"embeddable":true,"href":"https:\/\/www.sincomam.org.br\/index.php\/wp-json\/wp\/v2\/users\/1182"}],"replies":[{"embeddable":true,"href":"https:\/\/www.sincomam.org.br\/index.php\/wp-json\/wp\/v2\/comments?post=30159"}],"version-history":[{"count":2,"href":"https:\/\/www.sincomam.org.br\/index.php\/wp-json\/wp\/v2\/posts\/30159\/revisions"}],"predecessor-version":[{"id":30166,"href":"https:\/\/www.sincomam.org.br\/index.php\/wp-json\/wp\/v2\/posts\/30159\/revisions\/30166"}],"wp:featuredmedia":[{"embeddable":true,"href":"https:\/\/www.sincomam.org.br\/index.php\/wp-json\/wp\/v2\/media\/30164"}],"wp:attachment":[{"href":"https:\/\/www.sincomam.org.br\/index.php\/wp-json\/wp\/v2\/media?parent=30159"}],"wp:term":[{"taxonomy":"category","embeddable":true,"href":"https:\/\/www.sincomam.org.br\/index.php\/wp-json\/wp\/v2\/categories?post=30159"},{"taxonomy":"post_tag","embeddable":true,"href":"https:\/\/www.sincomam.org.br\/index.php\/wp-json\/wp\/v2\/tags?post=30159"}],"curies":[{"name":"wp","href":"https:\/\/api.w.org\/{rel}","templated":true}]}}