{"id":30156,"date":"2020-06-26T11:22:57","date_gmt":"2020-06-26T14:22:57","guid":{"rendered":"http:\/\/www.sincomam.org.br\/?p=30156"},"modified":"2020-06-26T11:22:57","modified_gmt":"2020-06-26T14:22:57","slug":"capitania-dos-portos-de-alagoas-apoia-acao-de-aplicacao-de-testes-rapidos-de-covid-19-no-porto-de-maceio-al","status":"publish","type":"post","link":"https:\/\/www.sincomam.org.br\/index.php\/capitania-dos-portos-de-alagoas-apoia-acao-de-aplicacao-de-testes-rapidos-de-covid-19-no-porto-de-maceio-al\/","title":{"rendered":"Capitania dos Portos de Alagoas apoia a\u00e7\u00e3o de aplica\u00e7\u00e3o de testes r\u00e1pidos de Covid-19 no Porto de Macei\u00f3-AL"},"content":{"rendered":"<p><strong><em>Militares aplicam testes r\u00e1pidos nos funcion\u00e1rios do Porto<\/em><\/strong><\/p>\n<p>A Capitania dos Portos de Alagoas informa que foi realizado a aplica\u00e7\u00e3o de testes r\u00e1pidos para diagn\u00f3stico da Covid-19, disponibilizados pela Autoridade Portu\u00e1ria, em funcion\u00e1rios do Porto de Macei\u00f3-AL.<\/p>\n<p>A equipe de sa\u00fade da Capitania, composta por m\u00e9dico e t\u00e9cnicos de enfermagem, realizou 96 testes para detec\u00e7\u00e3o da presen\u00e7a do Sars-Cov-2 na sede do Porto. A inciativa facilita o rastreamento epidemiol\u00f3gico de assintom\u00e1ticos e a identifica\u00e7\u00e3o de quem j\u00e1 teve contato com o v\u00edrus.<\/p>\n<p>Para a implementa\u00e7\u00e3o da a\u00e7\u00e3o, foram adotados os protocolos de preven\u00e7\u00e3o ao novo coronav\u00edrus dos \u00f3rg\u00e3os de sa\u00fade e vigil\u00e2ncia sanit\u00e1ria, al\u00e9m da realiza\u00e7\u00e3o de desinfec\u00e7\u00e3o da \u00e1rea, antes e ap\u00f3s os exames, com militares da Equipe de Resposta Nuclear, Biol\u00f3gica, Qu\u00edmica e Radiol\u00f3gica da Capitania.<\/p>\n<p>A a\u00e7\u00e3o preventiva tem o prop\u00f3sito de viabilizar a detec\u00e7\u00e3o precoce da Covid-19, preservando a sa\u00fade dos militares e da comunidade mar\u00edtima durante as a\u00e7\u00f5es de fiscaliza\u00e7\u00e3o do tr\u00e1fego aquavi\u00e1rio.<\/p>\n<p>Com informa\u00e7\u00f5es da Marinha do Brasil<\/p>\n","protected":false},"excerpt":{"rendered":"<p>Militares aplicam testes r\u00e1pidos nos funcion\u00e1rios do Porto A Capitania dos Portos de Alagoas informa que foi realizado a aplica\u00e7\u00e3o de testes r\u00e1pidos para diagn\u00f3stico&#8230;<\/p>\n","protected":false},"author":1182,"featured_media":30157,"comment_status":"closed","ping_status":"closed","sticky":false,"template":"","format":"standard","meta":{"footnotes":""},"categories":[6],"tags":[255,230,2752,3285,15,692,80,69,864],"class_list":["post-30156","post","type-post","status-publish","format-standard","has-post-thumbnail","hentry","category-noticias","tag-alagoas","tag-capitania","tag-coronavirus","tag-maceio","tag-marinha","tag-militares","tag-porto","tag-portos","tag-teste"],"_links":{"self":[{"href":"https:\/\/www.sincomam.org.br\/index.php\/wp-json\/wp\/v2\/posts\/30156","targetHints":{"allow":["GET"]}}],"collection":[{"href":"https:\/\/www.sincomam.org.br\/index.php\/wp-json\/wp\/v2\/posts"}],"about":[{"href":"https:\/\/www.sincomam.org.br\/index.php\/wp-json\/wp\/v2\/types\/post"}],"author":[{"embeddable":true,"href":"https:\/\/www.sincomam.org.br\/index.php\/wp-json\/wp\/v2\/users\/1182"}],"replies":[{"embeddable":true,"href":"https:\/\/www.sincomam.org.br\/index.php\/wp-json\/wp\/v2\/comments?post=30156"}],"version-history":[{"count":1,"href":"https:\/\/www.sincomam.org.br\/index.php\/wp-json\/wp\/v2\/posts\/30156\/revisions"}],"predecessor-version":[{"id":30158,"href":"https:\/\/www.sincomam.org.br\/index.php\/wp-json\/wp\/v2\/posts\/30156\/revisions\/30158"}],"wp:featuredmedia":[{"embeddable":true,"href":"https:\/\/www.sincomam.org.br\/index.php\/wp-json\/wp\/v2\/media\/30157"}],"wp:attachment":[{"href":"https:\/\/www.sincomam.org.br\/index.php\/wp-json\/wp\/v2\/media?parent=30156"}],"wp:term":[{"taxonomy":"category","embeddable":true,"href":"https:\/\/www.sincomam.org.br\/index.php\/wp-json\/wp\/v2\/categories?post=30156"},{"taxonomy":"post_tag","embeddable":true,"href":"https:\/\/www.sincomam.org.br\/index.php\/wp-json\/wp\/v2\/tags?post=30156"}],"curies":[{"name":"wp","href":"https:\/\/api.w.org\/{rel}","templated":true}]}}