{"id":30150,"date":"2020-06-26T11:08:36","date_gmt":"2020-06-26T14:08:36","guid":{"rendered":"http:\/\/www.sincomam.org.br\/?p=30150"},"modified":"2020-06-26T11:57:16","modified_gmt":"2020-06-26T14:57:16","slug":"caixa-divulga-calendario-da-3a-parcela-do-auxilio-emergencial","status":"publish","type":"post","link":"https:\/\/www.sincomam.org.br\/index.php\/caixa-divulga-calendario-da-3a-parcela-do-auxilio-emergencial\/","title":{"rendered":"Caixa come\u00e7a a pagar a 3\u00aa parcela do aux\u00edlio emergencial"},"content":{"rendered":"<p><em><strong>Bolsonaro diz que benef\u00edcio ter\u00e1 mais 3 parcelas para ajudar a popula\u00e7\u00e3o brasileira, de R$ 500, R$ 400 e R$ 300<\/strong><\/em><\/p>\n<p>O presidente da Caixa Econ\u00f4mica Federal, Pedro Guimar\u00e3es, apresentou o calend\u00e1rio da terceira parcela do aux\u00edlio emergencial de R$ 600, que come\u00e7a a ser pago a partir deste s\u00e1bado (27) e vai at\u00e9 4 de julho.\u00a0Na entrevista, ele tamb\u00e9m falou sobre os novos lotes de pagamentos da primeira e segunda parcela do benef\u00edcio.<\/p>\n<p>O dinheiro ser\u00e1 depositado nas contas da poupan\u00e7a social digital para pagamento de contas, boletos e compras por meio do cart\u00e3o de d\u00e9bito digital. As transfer\u00eancias e os saques em dinheiro a partir dessas contas come\u00e7am em 18 de julho e v\u00e3o at\u00e9 19 de setembro.<\/p>\n<p>Na quinta-feira (26), durante live semanal nas redes sociais, o presidente Jair Bolsonaro informou que o aux\u00edlio emergencial vai pagar um adicional de R$ 1,2 mil. O valor ser\u00e1 dividido em tr\u00eas parcelas.<\/p>\n<p><em>&#8220;Vamos partir para uma adequa\u00e7\u00e3o. Deve ser, estamos estudando, R$ 500, R$ 400 e R$ 300&#8221;, afirmou o presidente, que estava ao lado do ministro da Economia, Paulo Guedes.<\/em><\/p>\n<p>O aux\u00edlio \u00e9 destinado aos trabalhadores informais, microempreendedores individuais, aut\u00f4nomos e desempregados, como forma de fornecer prote\u00e7\u00e3o emergencial no enfrentamento \u00e0 crise causada pela pandemia do novo coronav\u00edrus (covid-19).<\/p>\n<p>O aux\u00edlio emergencial se destina a trabalhadores informais, microempreendedores individuais (MEIs), aut\u00f4nomos e desempregados que cumpram os requisitos previstos em lei, como a aus\u00eancia de emprego formal ativo, por exemplo. Al\u00e9m disso, agentes p\u00fablicos, incluindo os comissionados, ocupantes de cargos tempor\u00e1rios, fun\u00e7\u00f5es de confian\u00e7a e titulares de mandato eletivo, n\u00e3o t\u00eam direito ao benef\u00edcio.<\/p>\n<p>Fonte: Ag\u00eancia Brasil<\/p>\n<p><strong>Leia tamb\u00e9m: <\/strong><\/p>\n<p><a href=\"https:\/\/www.sincomam.org.br\/index.php\/29822\/\" target=\"_blank\" rel=\"noopener noreferrer\"><strong>Caixa libera r$ 1.045 do FGTS para todos em aplicativo<\/strong><\/a><\/p>\n<p><a href=\"https:\/\/www.sincomam.org.br\/index.php\/auxilio-emergencial-negado-pode-ser-contestado-pelo-app-da-caixa\/\" target=\"_blank\" rel=\"noopener noreferrer\"><strong>Aux\u00edlio Emergencial negado pode ser contestado pelo app da Caixa<\/strong><\/a><\/p>\n","protected":false},"excerpt":{"rendered":"<p>Bolsonaro diz que benef\u00edcio ter\u00e1 mais 3 parcelas para ajudar a popula\u00e7\u00e3o brasileira, de R$ 500, R$ 400 e R$ 300 O presidente da Caixa&#8230;<\/p>\n","protected":false},"author":1182,"featured_media":4097,"comment_status":"closed","ping_status":"closed","sticky":false,"template":"","format":"standard","meta":{"footnotes":""},"categories":[6],"tags":[1757,390,432,391,325,1510,314],"class_list":["post-30150","post","type-post","status-publish","format-standard","has-post-thumbnail","hentry","category-noticias","tag-auxilio","tag-caixa","tag-emergencial","tag-fgts","tag-liberacao","tag-parcela","tag-presidente"],"_links":{"self":[{"href":"https:\/\/www.sincomam.org.br\/index.php\/wp-json\/wp\/v2\/posts\/30150","targetHints":{"allow":["GET"]}}],"collection":[{"href":"https:\/\/www.sincomam.org.br\/index.php\/wp-json\/wp\/v2\/posts"}],"about":[{"href":"https:\/\/www.sincomam.org.br\/index.php\/wp-json\/wp\/v2\/types\/post"}],"author":[{"embeddable":true,"href":"https:\/\/www.sincomam.org.br\/index.php\/wp-json\/wp\/v2\/users\/1182"}],"replies":[{"embeddable":true,"href":"https:\/\/www.sincomam.org.br\/index.php\/wp-json\/wp\/v2\/comments?post=30150"}],"version-history":[{"count":8,"href":"https:\/\/www.sincomam.org.br\/index.php\/wp-json\/wp\/v2\/posts\/30150\/revisions"}],"predecessor-version":[{"id":30162,"href":"https:\/\/www.sincomam.org.br\/index.php\/wp-json\/wp\/v2\/posts\/30150\/revisions\/30162"}],"wp:featuredmedia":[{"embeddable":true,"href":"https:\/\/www.sincomam.org.br\/index.php\/wp-json\/wp\/v2\/media\/4097"}],"wp:attachment":[{"href":"https:\/\/www.sincomam.org.br\/index.php\/wp-json\/wp\/v2\/media?parent=30150"}],"wp:term":[{"taxonomy":"category","embeddable":true,"href":"https:\/\/www.sincomam.org.br\/index.php\/wp-json\/wp\/v2\/categories?post=30150"},{"taxonomy":"post_tag","embeddable":true,"href":"https:\/\/www.sincomam.org.br\/index.php\/wp-json\/wp\/v2\/tags?post=30150"}],"curies":[{"name":"wp","href":"https:\/\/api.w.org\/{rel}","templated":true}]}}