{"id":30133,"date":"2020-06-25T11:32:43","date_gmt":"2020-06-25T14:32:43","guid":{"rendered":"http:\/\/www.sincomam.org.br\/?p=30133"},"modified":"2020-06-25T11:32:43","modified_gmt":"2020-06-25T14:32:43","slug":"auxilio-emergencial-prazo-para-trabalhador-se-cadastrar-termina-em-uma-semana","status":"publish","type":"post","link":"https:\/\/www.sincomam.org.br\/index.php\/auxilio-emergencial-prazo-para-trabalhador-se-cadastrar-termina-em-uma-semana\/","title":{"rendered":"Aux\u00edlio Emergencial: prazo para trabalhador se cadastrar termina em uma semana"},"content":{"rendered":"<p><strong><em>Inscri\u00e7\u00f5es para receber o Aux\u00edlio Emergencial v\u00e3o at\u00e9 2 de julho<\/em><\/strong><\/p>\n<p>O trabalhador que tem direito ao Aux\u00edlio Emergencial e ainda n\u00e3o se inscreveu no programa tem pouco tempo: o prazo termina no dia 2 de julho. Depois dessa data, segundo a Caixa Econ\u00f4mica Federal, o site e o aplicativo ser\u00e3o utilizados apenas para acompanhar o pagamento do benef\u00edcio ou o processamento do pedido.<\/p>\n<p>O governo afirmou que vai prorrogar o benef\u00edcio para al\u00e9m das tr\u00eas parcelas previstas, mas precisa decidir por quanto tempo e qual o valor a ser pago. Caso essa prorroga\u00e7\u00e3o seja confirmada, o prazo de cadastramento poder\u00e1 ser estendido.<\/p>\n<p>A ideia sobre prorroga\u00e7\u00e3o que mais agrada o presidente Jair Bolsonaro \u00e9 a de pagamento escalonado em valor decrescente, em tr\u00eas parcelas: R$ 500 em julho; R$ 400 em agosto e R$ 300 em setembro. Bolsonaro j\u00e1 disse que n\u00e3o \u00e9 poss\u00edvel repetir o pagamento de R$ 600 em tr\u00eas parcelas.<\/p>\n<p><strong>Terceira parcela segue indefinida<\/strong><\/p>\n<p>Um m\u00eas ap\u00f3s o pagamento da segunda parcela, os benefici\u00e1rios seguem sem saber quando ser\u00e1 creditada a terceira. Apenas os benefici\u00e1rios do Bolsa Fam\u00edlia v\u00eam recebendo o terceiro lote desde 17 de junho.<\/p>\n<p>Pelo calend\u00e1rio original, divulgado em abril, a terceira parcela deveria ter sido paga h\u00e1 quase um m\u00eas: a previs\u00e3o era de libera\u00e7\u00e3o entre os dias 26 e 29 de maio. A segunda parcela tamb\u00e9m atrasou: estava prevista inicialmente para entre os dias 27 e 30 de abril.<\/p>\n<p>Tamb\u00e9m seguem sem calend\u00e1rio definido a segunda e a terceira parcelas do aux\u00edlio para os benefici\u00e1rios que receberam a primeira ap\u00f3s o dia 30 de abril.<\/p>\n<p>Fonte: G1 Economia<\/p>\n<p><strong>Leia tamb\u00e9m: <a href=\"https:\/\/www.sincomam.org.br\/index.php\/caixa-paga-hoje-segunda-parcela-de-auxilio-emergencial\/\" target=\"_blank\" rel=\"noopener noreferrer\">Caixa libera a segunda parcela do Aux\u00edlio Emergencial<\/a><\/strong><\/p>\n","protected":false},"excerpt":{"rendered":"<p>Inscri\u00e7\u00f5es para receber o Aux\u00edlio Emergencial v\u00e3o at\u00e9 2 de julho O trabalhador que tem direito ao Aux\u00edlio Emergencial e ainda n\u00e3o se inscreveu no&#8230;<\/p>\n","protected":false},"author":1182,"featured_media":4097,"comment_status":"closed","ping_status":"closed","sticky":false,"template":"","format":"standard","meta":{"footnotes":""},"categories":[6],"tags":[1757,1588,390,432,192,1538],"class_list":["post-30133","post","type-post","status-publish","format-standard","has-post-thumbnail","hentry","category-noticias","tag-auxilio","tag-cadastro","tag-caixa","tag-emergencial","tag-governo","tag-trabalhador"],"_links":{"self":[{"href":"https:\/\/www.sincomam.org.br\/index.php\/wp-json\/wp\/v2\/posts\/30133","targetHints":{"allow":["GET"]}}],"collection":[{"href":"https:\/\/www.sincomam.org.br\/index.php\/wp-json\/wp\/v2\/posts"}],"about":[{"href":"https:\/\/www.sincomam.org.br\/index.php\/wp-json\/wp\/v2\/types\/post"}],"author":[{"embeddable":true,"href":"https:\/\/www.sincomam.org.br\/index.php\/wp-json\/wp\/v2\/users\/1182"}],"replies":[{"embeddable":true,"href":"https:\/\/www.sincomam.org.br\/index.php\/wp-json\/wp\/v2\/comments?post=30133"}],"version-history":[{"count":1,"href":"https:\/\/www.sincomam.org.br\/index.php\/wp-json\/wp\/v2\/posts\/30133\/revisions"}],"predecessor-version":[{"id":30134,"href":"https:\/\/www.sincomam.org.br\/index.php\/wp-json\/wp\/v2\/posts\/30133\/revisions\/30134"}],"wp:featuredmedia":[{"embeddable":true,"href":"https:\/\/www.sincomam.org.br\/index.php\/wp-json\/wp\/v2\/media\/4097"}],"wp:attachment":[{"href":"https:\/\/www.sincomam.org.br\/index.php\/wp-json\/wp\/v2\/media?parent=30133"}],"wp:term":[{"taxonomy":"category","embeddable":true,"href":"https:\/\/www.sincomam.org.br\/index.php\/wp-json\/wp\/v2\/categories?post=30133"},{"taxonomy":"post_tag","embeddable":true,"href":"https:\/\/www.sincomam.org.br\/index.php\/wp-json\/wp\/v2\/tags?post=30133"}],"curies":[{"name":"wp","href":"https:\/\/api.w.org\/{rel}","templated":true}]}}