{"id":30127,"date":"2020-06-25T11:07:15","date_gmt":"2020-06-25T14:07:15","guid":{"rendered":"http:\/\/www.sincomam.org.br\/?p=30127"},"modified":"2020-06-25T11:08:07","modified_gmt":"2020-06-25T14:08:07","slug":"nuvem-de-gafanhotos-governo-declara-emergencia-fitossanitaria-no-rs-e-em-sc","status":"publish","type":"post","link":"https:\/\/www.sincomam.org.br\/index.php\/nuvem-de-gafanhotos-governo-declara-emergencia-fitossanitaria-no-rs-e-em-sc\/","title":{"rendered":"Nuvem de gafanhotos: governo declara emerg\u00eancia fitossanit\u00e1ria no RS e em SC"},"content":{"rendered":"<p><strong><em>De acordo com servi\u00e7o argentino, nuvem de gafanhotos continua se deslocando em dire\u00e7\u00e3o ao Uruguai e deve chegar ao Brasil<\/em><\/strong><\/p>\n<p>O Minist\u00e9rio da Agricultura, Pecu\u00e1ria e Abastecimento (Mapa) informa que foi publicado nesta quinta-feira (25) uma portaria declarando estado de emerg\u00eancia fitossanit\u00e1ria nos estados do Rio Grande do Sul e Santa Catarina, devido ao avan\u00e7o da praga Schistocerca cancellata (gafanhotos) nas \u00e1reas produtoras do Brasil. O estado de emerg\u00eancia ser\u00e1 de um ano.<\/p>\n<p><em>\u201cEssa portaria precisa ser feita antes do evento para que, se acontecer, algumas a\u00e7\u00f5es possam ser feitas pelos governos estaduais onde h\u00e1 possibilidade de essa nuvem chegar. Estamos monitorando, mas tudo indica que ela vai ficar mesmo no Uruguai por enquanto. Se o clima continuar favorecendo, ela nem chegar\u00e1 ao nosso territ\u00f3rio\u201d, disse a ministra Tereza Cristina, em nota publicada pelo minist\u00e9rio.<\/em><\/p>\n<p>De acordo com o Servi\u00e7o Nacional de Sanidade e Qualidade Agroalimentar da Argentina (Senasa), a nuvem de gafanhotos, em movimento dentro do territ\u00f3rio argentino, est\u00e1 se dirigindo ao Uruguai. \u00a0A nuvem de gafanhotos est\u00e1 a cerca de 250 quil\u00f4metros da fronteira do Rio Grande do Sul com a Argentina.<\/p>\n<p>Um grupo de trabalho do Departamento de Sanidade Vegetal e Insumos Agr\u00edcolas (DSV) da Secretaria de Defesa Agropecu\u00e1ria (SDA) do Mapa permanece em situa\u00e7\u00e3o de alerta e mobiliza\u00e7\u00e3o, em conjunto com as equipes t\u00e9cnicas das Superintend\u00eancias Federais de Agricultura e dos \u00f3rg\u00e3os estaduais de Defesa Agropecu\u00e1ria nos estados do Paran\u00e1, Rio Grande do Sul e Santa Catarina, assim como as unidades de vigil\u00e2ncia agropecu\u00e1ria do Minist\u00e9rio localizadas na fronteira com o Rio Grande do Sul.<\/p>\n<p>Em nota, o Minist\u00e9rio da Agricultura refor\u00e7a que est\u00e3o sendo trabalhadas estrat\u00e9gias pass\u00edveis de ado\u00e7\u00e3o para um eventual surto da praga no Brasil, caso ocorram altera\u00e7\u00f5es clim\u00e1ticas favor\u00e1veis ao deslocamento da nuvem de gafanhotos no pa\u00eds.<\/p>\n<p>Com informa\u00e7\u00f5es do (Mapa) \/ Foto: Senasa Argentina<\/p>\n","protected":false},"excerpt":{"rendered":"<p>De acordo com servi\u00e7o argentino, nuvem de gafanhotos continua se deslocando em dire\u00e7\u00e3o ao Uruguai e deve chegar ao Brasil O Minist\u00e9rio da Agricultura, Pecu\u00e1ria&#8230;<\/p>\n","protected":false},"author":1182,"featured_media":30129,"comment_status":"closed","ping_status":"closed","sticky":false,"template":"","format":"standard","meta":{"footnotes":""},"categories":[6],"tags":[1371,61,660,3280,192,3279,3281,167,292],"class_list":["post-30127","post","type-post","status-publish","format-standard","has-post-thumbnail","hentry","category-noticias","tag-argentina","tag-brasil","tag-emergencia","tag-gafanhotos","tag-governo","tag-nuvem","tag-praga","tag-rio-grande-do-sul","tag-santa-catarina"],"_links":{"self":[{"href":"https:\/\/www.sincomam.org.br\/index.php\/wp-json\/wp\/v2\/posts\/30127","targetHints":{"allow":["GET"]}}],"collection":[{"href":"https:\/\/www.sincomam.org.br\/index.php\/wp-json\/wp\/v2\/posts"}],"about":[{"href":"https:\/\/www.sincomam.org.br\/index.php\/wp-json\/wp\/v2\/types\/post"}],"author":[{"embeddable":true,"href":"https:\/\/www.sincomam.org.br\/index.php\/wp-json\/wp\/v2\/users\/1182"}],"replies":[{"embeddable":true,"href":"https:\/\/www.sincomam.org.br\/index.php\/wp-json\/wp\/v2\/comments?post=30127"}],"version-history":[{"count":1,"href":"https:\/\/www.sincomam.org.br\/index.php\/wp-json\/wp\/v2\/posts\/30127\/revisions"}],"predecessor-version":[{"id":30130,"href":"https:\/\/www.sincomam.org.br\/index.php\/wp-json\/wp\/v2\/posts\/30127\/revisions\/30130"}],"wp:featuredmedia":[{"embeddable":true,"href":"https:\/\/www.sincomam.org.br\/index.php\/wp-json\/wp\/v2\/media\/30129"}],"wp:attachment":[{"href":"https:\/\/www.sincomam.org.br\/index.php\/wp-json\/wp\/v2\/media?parent=30127"}],"wp:term":[{"taxonomy":"category","embeddable":true,"href":"https:\/\/www.sincomam.org.br\/index.php\/wp-json\/wp\/v2\/categories?post=30127"},{"taxonomy":"post_tag","embeddable":true,"href":"https:\/\/www.sincomam.org.br\/index.php\/wp-json\/wp\/v2\/tags?post=30127"}],"curies":[{"name":"wp","href":"https:\/\/api.w.org\/{rel}","templated":true}]}}