{"id":30112,"date":"2020-06-25T09:35:08","date_gmt":"2020-06-25T12:35:08","guid":{"rendered":"http:\/\/www.sincomam.org.br\/?p=30112"},"modified":"2020-06-25T09:35:08","modified_gmt":"2020-06-25T12:35:08","slug":"nota-dia-internacional-do-maritimo","status":"publish","type":"post","link":"https:\/\/www.sincomam.org.br\/index.php\/nota-dia-internacional-do-maritimo\/","title":{"rendered":"Nota: Dia Internacional do Mar\u00edtimo"},"content":{"rendered":"<p>A Organiza\u00e7\u00e3o Mar\u00edtima Internacional (IMO), ag\u00eancia especializada das Na\u00e7\u00f5es Unidas respons\u00e1vel pela prote\u00e7\u00e3o e seguran\u00e7a da navega\u00e7\u00e3o e a preven\u00e7\u00e3o da polui\u00e7\u00e3o marinha causada por navios, celebra no Dia 25 de Junho, o &#8220;Dia do Mar\u00edtimo&#8221; (<em>Day of the Seafarer &#8211;<\/em> DotS). A data tem como objetivo chamar a aten\u00e7\u00e3o para uma profiss\u00e3o cuja relev\u00e2ncia se justifica numa das atividades mais b\u00e1sicas de qualquer na\u00e7\u00e3o \u2013 o com\u00e9rcio mar\u00edtimo.<\/p>\n<p>Este ano, em meio \u00e0 pandemia do COVID-19, a IMO prop\u00f5e uma reflex\u00e3o sobre a import\u00e2ncia dos aquavi\u00e1rios no desempenho de suas fun\u00e7\u00f5es e os classifica como \u201ctrabalhadores-chaves\u201d (<em>Key Workers<\/em>), segundo informa\u00e7\u00f5es da Marinha do Brasil.<\/p>\n<p>O SINCOMAM presta homenagem e reconhecimento a todos os homens e mulheres que com exemplar dedica\u00e7\u00e3o a profiss\u00e3o, enfrentam os desafios que envolvem o trabalho mar\u00edtimo no Brasil. No\u00a0Dia Internacional do Mar\u00edtimo, este Sindicato vem enaltecer os trabalhadores que escolheram a carreira mercante, embarcados e em terra, pela inestim\u00e1vel contribui\u00e7\u00e3o das suas atividades \u00e0 economia mundial e \u00e0 sociedade brasileira.<\/p>\n<p>Nossos sinceros agradecimentos.<\/p>\n<p><u>Alcir da Costa Albernoz<\/u><\/p>\n<p><strong>Diretor Presidente &#8211; SINCOMAM<\/strong><\/p>\n<p>&nbsp;<\/p>\n","protected":false},"excerpt":{"rendered":"<p>A Organiza\u00e7\u00e3o Mar\u00edtima Internacional (IMO), ag\u00eancia especializada das Na\u00e7\u00f5es Unidas respons\u00e1vel pela prote\u00e7\u00e3o e seguran\u00e7a da navega\u00e7\u00e3o e a preven\u00e7\u00e3o da polui\u00e7\u00e3o marinha causada por&#8230;<\/p>\n","protected":false},"author":1182,"featured_media":30114,"comment_status":"closed","ping_status":"closed","sticky":false,"template":"","format":"standard","meta":{"footnotes":""},"categories":[6],"tags":[3272,444,193,2870,92,3273,19,2324,17,1140],"class_list":["post-30112","post","type-post","status-publish","format-standard","has-post-thumbnail","hentry","category-noticias","tag-day-of-the-seafarer","tag-dia","tag-homenagem","tag-imo","tag-internacional","tag-key-workers","tag-maritimo","tag-maritimos","tag-sincomam","tag-trabalhadores"],"_links":{"self":[{"href":"https:\/\/www.sincomam.org.br\/index.php\/wp-json\/wp\/v2\/posts\/30112","targetHints":{"allow":["GET"]}}],"collection":[{"href":"https:\/\/www.sincomam.org.br\/index.php\/wp-json\/wp\/v2\/posts"}],"about":[{"href":"https:\/\/www.sincomam.org.br\/index.php\/wp-json\/wp\/v2\/types\/post"}],"author":[{"embeddable":true,"href":"https:\/\/www.sincomam.org.br\/index.php\/wp-json\/wp\/v2\/users\/1182"}],"replies":[{"embeddable":true,"href":"https:\/\/www.sincomam.org.br\/index.php\/wp-json\/wp\/v2\/comments?post=30112"}],"version-history":[{"count":1,"href":"https:\/\/www.sincomam.org.br\/index.php\/wp-json\/wp\/v2\/posts\/30112\/revisions"}],"predecessor-version":[{"id":30115,"href":"https:\/\/www.sincomam.org.br\/index.php\/wp-json\/wp\/v2\/posts\/30112\/revisions\/30115"}],"wp:featuredmedia":[{"embeddable":true,"href":"https:\/\/www.sincomam.org.br\/index.php\/wp-json\/wp\/v2\/media\/30114"}],"wp:attachment":[{"href":"https:\/\/www.sincomam.org.br\/index.php\/wp-json\/wp\/v2\/media?parent=30112"}],"wp:term":[{"taxonomy":"category","embeddable":true,"href":"https:\/\/www.sincomam.org.br\/index.php\/wp-json\/wp\/v2\/categories?post=30112"},{"taxonomy":"post_tag","embeddable":true,"href":"https:\/\/www.sincomam.org.br\/index.php\/wp-json\/wp\/v2\/tags?post=30112"}],"curies":[{"name":"wp","href":"https:\/\/api.w.org\/{rel}","templated":true}]}}