{"id":30102,"date":"2020-06-24T13:28:02","date_gmt":"2020-06-24T16:28:02","guid":{"rendered":"http:\/\/www.sincomam.org.br\/?p=30102"},"modified":"2020-06-24T14:30:11","modified_gmt":"2020-06-24T17:30:11","slug":"governo-do-estado-de-sp-anuncia-retomada-da-educacao","status":"publish","type":"post","link":"https:\/\/www.sincomam.org.br\/index.php\/governo-do-estado-de-sp-anuncia-retomada-da-educacao\/","title":{"rendered":"Governo do Estado de SP anuncia retomada da educa\u00e7\u00e3o"},"content":{"rendered":"<p><em><strong>Doria confirma que volta \u00e0s aulas presenciais ser\u00e1 gradual e acontece a partir de 8 de setembro<\/strong><\/em><\/p>\n<p>O governo de S\u00e3o Paulo anunciou o plano para o retorno das atividades escolares presenciais nesta quarta-feira (24), durante a coletiva de imprensa sobre o combate ao coronav\u00edrus (Covid-19). A volta \u00e1s aulas presenciais ser\u00e1 a partir do dia 8 de setembro, com 35% da capacidade de alunos em sala. O plano prev\u00ea um retorno de forma gradual, e deve ser realizado em tr\u00eas etapas, com rod\u00edzio de estudantes e uma combina\u00e7\u00e3o de aulas presenciais e ensino \u00e0 dist\u00e2ncia.<\/p>\n<p><a href=\"https:\/\/www.sincomam.org.br\/wp-content\/uploads\/2020\/06\/educacao-sp-retomada.jpeg\" target=\"_blank\" rel=\"noopener noreferrer\"><img fetchpriority=\"high\" decoding=\"async\" class=\"alignleft wp-image-30109 \" src=\"https:\/\/www.sincomam.org.br\/wp-content\/uploads\/2020\/06\/educacao-sp-retomada-768x437.jpeg\" alt=\"\" width=\"522\" height=\"297\" srcset=\"https:\/\/www.sincomam.org.br\/wp-content\/uploads\/2020\/06\/educacao-sp-retomada-768x437.jpeg 768w, https:\/\/www.sincomam.org.br\/wp-content\/uploads\/2020\/06\/educacao-sp-retomada-300x171.jpeg 300w, https:\/\/www.sincomam.org.br\/wp-content\/uploads\/2020\/06\/educacao-sp-retomada.jpeg 936w\" sizes=\"(max-width: 522px) 100vw, 522px\" \/><\/a>De acordo com o secret\u00e1rio estadual de Educa\u00e7\u00e3o, Rossieli Soares, que participou da coletiva virtualmente, as orienta\u00e7\u00f5es s\u00e3o v\u00e1lidas para todo o sistema educacional, desde a educa\u00e7\u00e3o infantil at\u00e9 o ensino superior.<\/p>\n<p>O governador do Estado de S\u00e3o Paulo, Jo\u00e3o Doria (PSDB) j\u00e1 tinha declarado, na semana passada, que o retorno das atividades escolares s\u00f3 estaria previsto para a \u00faltima etapa do chamado Plano S\u00e3o Paulo, desenvolvido para a flexibiliza\u00e7\u00e3o da quarentena e dividido em diferentes n\u00edveis.<\/p>\n<p>As aulas est\u00e3o suspensas desde o dia 23 de mar\u00e7o, quando o governo antecipou o per\u00edodo de f\u00e9rias na tentativa de minimizar a propaga\u00e7\u00e3o do coronav\u00edrus. Todo o conte\u00fado est\u00e1 sendo lecionado atrav\u00e9s de v\u00eddeo aula e em plataforma online, por meio dos aplicativos Centro de M\u00eddias SP e dos canais digitais 2.2 &#8211; TV Univesp e 2.3 &#8211; TV Educa\u00e7\u00e3o.<\/p>\n<p>As\u00a0universidades devem permanecer em sistema de ensino remoto at\u00e9 dezembro e n\u00e3o devem retornar de forma presencial esse ano. Na semana passada o vice-reitor da Universidade de S\u00e3o Paulo (USP), Unicamp e Unesp apresentaram seus planos de readequa\u00e7\u00e3o das atividades acad\u00eamicas, todos prevendo a continuidade do ensino \u00e0 dist\u00e2ncia, nos cursos de gradua\u00e7\u00e3o e p\u00f3s-gradua\u00e7\u00e3o, durante o segundo semestre do ano letivo de 2020.<\/p>\n","protected":false},"excerpt":{"rendered":"<p>Doria confirma que volta \u00e0s aulas presenciais ser\u00e1 gradual e acontece a partir de 8 de setembro O governo de S\u00e3o Paulo anunciou o plano&#8230;<\/p>\n","protected":false},"author":1182,"featured_media":30108,"comment_status":"closed","ping_status":"closed","sticky":false,"template":"","format":"standard","meta":{"footnotes":""},"categories":[6],"tags":[2786,366,3162,3159],"class_list":["post-30102","post","type-post","status-publish","format-standard","has-post-thumbnail","hentry","category-noticias","tag-aulas","tag-sao-paulo","tag-setembro","tag-volta"],"_links":{"self":[{"href":"https:\/\/www.sincomam.org.br\/index.php\/wp-json\/wp\/v2\/posts\/30102","targetHints":{"allow":["GET"]}}],"collection":[{"href":"https:\/\/www.sincomam.org.br\/index.php\/wp-json\/wp\/v2\/posts"}],"about":[{"href":"https:\/\/www.sincomam.org.br\/index.php\/wp-json\/wp\/v2\/types\/post"}],"author":[{"embeddable":true,"href":"https:\/\/www.sincomam.org.br\/index.php\/wp-json\/wp\/v2\/users\/1182"}],"replies":[{"embeddable":true,"href":"https:\/\/www.sincomam.org.br\/index.php\/wp-json\/wp\/v2\/comments?post=30102"}],"version-history":[{"count":5,"href":"https:\/\/www.sincomam.org.br\/index.php\/wp-json\/wp\/v2\/posts\/30102\/revisions"}],"predecessor-version":[{"id":30111,"href":"https:\/\/www.sincomam.org.br\/index.php\/wp-json\/wp\/v2\/posts\/30102\/revisions\/30111"}],"wp:featuredmedia":[{"embeddable":true,"href":"https:\/\/www.sincomam.org.br\/index.php\/wp-json\/wp\/v2\/media\/30108"}],"wp:attachment":[{"href":"https:\/\/www.sincomam.org.br\/index.php\/wp-json\/wp\/v2\/media?parent=30102"}],"wp:term":[{"taxonomy":"category","embeddable":true,"href":"https:\/\/www.sincomam.org.br\/index.php\/wp-json\/wp\/v2\/categories?post=30102"},{"taxonomy":"post_tag","embeddable":true,"href":"https:\/\/www.sincomam.org.br\/index.php\/wp-json\/wp\/v2\/tags?post=30102"}],"curies":[{"name":"wp","href":"https:\/\/api.w.org\/{rel}","templated":true}]}}