{"id":30090,"date":"2020-06-24T11:23:09","date_gmt":"2020-06-24T14:23:09","guid":{"rendered":"http:\/\/www.sincomam.org.br\/?p=30090"},"modified":"2020-06-24T11:46:09","modified_gmt":"2020-06-24T14:46:09","slug":"tipo-sanguineo-e-genes-estao-ligados-a-covid-19-grave-mostra-estudo-europeu","status":"publish","type":"post","link":"https:\/\/www.sincomam.org.br\/index.php\/tipo-sanguineo-e-genes-estao-ligados-a-covid-19-grave-mostra-estudo-europeu\/","title":{"rendered":"Tipo sangu\u00edneo e genes est\u00e3o ligados \u00e0 Covid-19 grave, mostra estudo europeu"},"content":{"rendered":"<p><strong><em>Pessoas com sangue tipo A correm maior risco de infec\u00e7\u00e3o por coronav\u00edrus<\/em><\/strong><\/p>\n<p>O tipo sangu\u00edneo de uma pessoa e outros fatores gen\u00e9ticos podem ter liga\u00e7\u00e3o com a gravidade de uma infec\u00e7\u00e3o pelo novo coronav\u00edrus, de acordo com pesquisadores europeus. As descobertas, publicadas no peri\u00f3dico cient\u00edfico <em>The New England Journal of Medicine<\/em>, atestam que pessoas com sangue tipo A correm risco maior de desenvolver sintomas mais intensos quando infectadas pelo novo coronav\u00edrus.<\/p>\n<p>No auge da epidemia na Europa, pesquisadores analisaram os genes de mais de 4 mil pessoas em busca de varia\u00e7\u00f5es que s\u00e3o comuns naqueles que foram infectados pelo v\u00edrus e desenvolveram casos graves de covid-19. Os cientistas descobriram uma s\u00e9rie de variantes em genes que est\u00e3o envolvidos nas rea\u00e7\u00f5es imunol\u00f3gicas s\u00e3o mais comuns em pessoas com casos graves da doen\u00e7a. Estes genes tamb\u00e9m est\u00e3o envolvidos com uma prote\u00edna de superf\u00edcie celular chamada ACE2, que o coronav\u00edrus usa para ter acesso \u00e0s c\u00e9lulas do corpo e infect\u00e1-las.<\/p>\n<p>Os pesquisadores, liderados pelos m\u00e9dicos Andre Franke, da Universidade Christian-Albrecht de Kiel, na Alemanha, e Tom Karlsen, do Hospital Universidade de Oslo, na Noruega, tamb\u00e9m descobriram uma rela\u00e7\u00e3o entre a gravidade da covid-19 e o tipo sangu\u00edneo. O risco de casos graves de covid-19 \u00e9 45% maior para pessoas com sangue tipo A do que pessoas com outros tipos sangu\u00edneos, e parece ser 35% menor para pessoas com sangue tipo O.<\/p>\n<p>&#8220;As descobertas oferecem pistas espec\u00edficas sobre os processos de doen\u00e7as que podem acontecer na covid-19 grave&#8221;, disse Karlsen \u00e0 Reuters por e-mail, observando que pesquisas adicionais s\u00e3o necess\u00e1rias antes de as informa\u00e7\u00f5es se tornarem \u00fateis.<\/p>\n<p>&#8220;A esperan\u00e7a \u00e9 que esta e outras descobertas apontem o caminho para uma compreens\u00e3o mais abrangente da biologia da covid-19&#8221;, escreveu Francis Collins, diretor dos institutos nacionais de Sa\u00fade dos Estados Unidos e especialista em gen\u00e9tica, em seu blog nessa quinta-feira (18).<\/p>\n<p>Fonte: Ag\u00eancia Brasil \/ Foto: Shutterstok<\/p>\n","protected":false},"excerpt":{"rendered":"<p>Pessoas com sangue tipo A correm maior risco de infec\u00e7\u00e3o por coronav\u00edrus O tipo sangu\u00edneo de uma pessoa e outros fatores gen\u00e9ticos podem ter liga\u00e7\u00e3o&#8230;<\/p>\n","protected":false},"author":1182,"featured_media":30092,"comment_status":"closed","ping_status":"closed","sticky":false,"template":"","format":"standard","meta":{"footnotes":""},"categories":[6],"tags":[61,2752,2751,1672,3268,3269,623,630,3243,3242],"class_list":["post-30090","post","type-post","status-publish","format-standard","has-post-thumbnail","hentry","category-noticias","tag-brasil","tag-coronavirus","tag-covid-19","tag-europa","tag-grave","tag-infeccao","tag-mortos","tag-pesquisa","tag-sanguineo","tag-tipo"],"_links":{"self":[{"href":"https:\/\/www.sincomam.org.br\/index.php\/wp-json\/wp\/v2\/posts\/30090","targetHints":{"allow":["GET"]}}],"collection":[{"href":"https:\/\/www.sincomam.org.br\/index.php\/wp-json\/wp\/v2\/posts"}],"about":[{"href":"https:\/\/www.sincomam.org.br\/index.php\/wp-json\/wp\/v2\/types\/post"}],"author":[{"embeddable":true,"href":"https:\/\/www.sincomam.org.br\/index.php\/wp-json\/wp\/v2\/users\/1182"}],"replies":[{"embeddable":true,"href":"https:\/\/www.sincomam.org.br\/index.php\/wp-json\/wp\/v2\/comments?post=30090"}],"version-history":[{"count":6,"href":"https:\/\/www.sincomam.org.br\/index.php\/wp-json\/wp\/v2\/posts\/30090\/revisions"}],"predecessor-version":[{"id":30098,"href":"https:\/\/www.sincomam.org.br\/index.php\/wp-json\/wp\/v2\/posts\/30090\/revisions\/30098"}],"wp:featuredmedia":[{"embeddable":true,"href":"https:\/\/www.sincomam.org.br\/index.php\/wp-json\/wp\/v2\/media\/30092"}],"wp:attachment":[{"href":"https:\/\/www.sincomam.org.br\/index.php\/wp-json\/wp\/v2\/media?parent=30090"}],"wp:term":[{"taxonomy":"category","embeddable":true,"href":"https:\/\/www.sincomam.org.br\/index.php\/wp-json\/wp\/v2\/categories?post=30090"},{"taxonomy":"post_tag","embeddable":true,"href":"https:\/\/www.sincomam.org.br\/index.php\/wp-json\/wp\/v2\/tags?post=30090"}],"curies":[{"name":"wp","href":"https:\/\/api.w.org\/{rel}","templated":true}]}}