{"id":30082,"date":"2020-06-24T10:52:34","date_gmt":"2020-06-24T13:52:34","guid":{"rendered":"http:\/\/www.sincomam.org.br\/?p=30082"},"modified":"2020-06-24T10:52:34","modified_gmt":"2020-06-24T13:52:34","slug":"estado-maior-da-armada-celebra-113o-aniversario","status":"publish","type":"post","link":"https:\/\/www.sincomam.org.br\/index.php\/estado-maior-da-armada-celebra-113o-aniversario\/","title":{"rendered":"Estado-Maior da Armada celebra 113\u00ba Anivers\u00e1rio"},"content":{"rendered":"<p><strong><em>Imagem exibe a celebra\u00e7\u00e3o da formatura do anivers\u00e1rio da entidade<\/em><\/strong><\/p>\n<p>A Marinha do Brasil comunicou que, em 10 de junho, foi realizada a Cerim\u00f4nia em comemora\u00e7\u00e3o aos 113 anos do Estado-Maior da Armada, presidida pelo Chefe do Estado-Maior da Armada, Almirante de Esquadra Cl\u00e1udio Portugal de Viveiros.<\/p>\n<p>A celebra\u00e7\u00e3o contou com a presen\u00e7a do Vice-Almirante Ralph Dias da Silveira Costa, Vice-Chefe do Estado-Maior da Armada, Subchefe de Assuntos Mar\u00edtimos e Organiza\u00e7\u00e3o, Subchefe de Or\u00e7amento e Plano Diretor, Subchefe de Estrat\u00e9gia e Subchefe de Log\u00edstica do Estado-Maior da Armada.<\/p>\n<p>O Chefe do Estado-Maior da Armada, em sua Ordem do Dia, exaltou e parabenizou os Oficiais, Pra\u00e7as e Servidores civis que ao longo de mais de um s\u00e9culo se dedicaram diuturnamente para que as tarefas de formular os documentos de Alto N\u00edvel da Marinha e de orientar, coordenar e acompanhar a execu\u00e7\u00e3o dos esfor\u00e7os de interesse estrat\u00e9gico da Institui\u00e7\u00e3o, fossem realizadas com elevado grau de profissionalismo.<\/p>\n","protected":false},"excerpt":{"rendered":"<p>Imagem exibe a celebra\u00e7\u00e3o da formatura do anivers\u00e1rio da entidade A Marinha do Brasil comunicou que, em 10 de junho, foi realizada a Cerim\u00f4nia em&#8230;<\/p>\n","protected":false},"author":1182,"featured_media":30083,"comment_status":"closed","ping_status":"closed","sticky":false,"template":"","format":"standard","meta":{"footnotes":""},"categories":[6],"tags":[1499,61,1727,1476,15],"class_list":["post-30082","post","type-post","status-publish","format-standard","has-post-thumbnail","hentry","category-noticias","tag-armada","tag-brasil","tag-celebracao","tag-estado","tag-marinha"],"_links":{"self":[{"href":"https:\/\/www.sincomam.org.br\/index.php\/wp-json\/wp\/v2\/posts\/30082","targetHints":{"allow":["GET"]}}],"collection":[{"href":"https:\/\/www.sincomam.org.br\/index.php\/wp-json\/wp\/v2\/posts"}],"about":[{"href":"https:\/\/www.sincomam.org.br\/index.php\/wp-json\/wp\/v2\/types\/post"}],"author":[{"embeddable":true,"href":"https:\/\/www.sincomam.org.br\/index.php\/wp-json\/wp\/v2\/users\/1182"}],"replies":[{"embeddable":true,"href":"https:\/\/www.sincomam.org.br\/index.php\/wp-json\/wp\/v2\/comments?post=30082"}],"version-history":[{"count":1,"href":"https:\/\/www.sincomam.org.br\/index.php\/wp-json\/wp\/v2\/posts\/30082\/revisions"}],"predecessor-version":[{"id":30084,"href":"https:\/\/www.sincomam.org.br\/index.php\/wp-json\/wp\/v2\/posts\/30082\/revisions\/30084"}],"wp:featuredmedia":[{"embeddable":true,"href":"https:\/\/www.sincomam.org.br\/index.php\/wp-json\/wp\/v2\/media\/30083"}],"wp:attachment":[{"href":"https:\/\/www.sincomam.org.br\/index.php\/wp-json\/wp\/v2\/media?parent=30082"}],"wp:term":[{"taxonomy":"category","embeddable":true,"href":"https:\/\/www.sincomam.org.br\/index.php\/wp-json\/wp\/v2\/categories?post=30082"},{"taxonomy":"post_tag","embeddable":true,"href":"https:\/\/www.sincomam.org.br\/index.php\/wp-json\/wp\/v2\/tags?post=30082"}],"curies":[{"name":"wp","href":"https:\/\/api.w.org\/{rel}","templated":true}]}}