{"id":30073,"date":"2020-06-24T09:57:35","date_gmt":"2020-06-24T12:57:35","guid":{"rendered":"http:\/\/www.sincomam.org.br\/?p=30073"},"modified":"2020-06-24T11:05:31","modified_gmt":"2020-06-24T14:05:31","slug":"ministro-da-defesa-acompanha-inauguracao-do-centro-de-operacoes-espaciais-cope","status":"publish","type":"post","link":"https:\/\/www.sincomam.org.br\/index.php\/ministro-da-defesa-acompanha-inauguracao-do-centro-de-operacoes-espaciais-cope\/","title":{"rendered":"Cerim\u00f4nia marca inaugura\u00e7\u00e3o das instala\u00e7\u00f5es do Centro de Opera\u00e7\u00f5es Espaciais"},"content":{"rendered":"<p><em><strong>Ampla estrutura do COPE representa um marco estrat\u00e9gico em prol da soberania nacional na \u00e1rea espacial<\/strong><\/em><\/p>\n<p>O Ministro da Defesa, Fernando Azevedo, esteve juntamente com o Presidente da Rep\u00fablica, Jair Bolsonaro e o Vice-Presidente, Hamilton Mour\u00e3o, nesta ter\u00e7a-feira (23), na cerim\u00f4nia de inaugura\u00e7\u00e3o do Centro de Opera\u00e7\u00f5es Especiais (COPE), no Comando da Aeron\u00e1utica.<\/p>\n<p>Na ocasi\u00e3o, o Comandante da Aeron\u00e1utica, Tenente Brigadeiro do Ar Antonio Carlos Moretti Bermudez, refor\u00e7ou a grandeza do Cope para o desenvolvimento tecnol\u00f3gico do pa\u00eds. \u201cA partir de hoje, o Cope coordenar\u00e1 todas as atividades que fa\u00e7am uso de constela\u00e7\u00f5es de sistemas espaciais, oferecendo servi\u00e7os de cunho militares e civil, nas \u00e1reas de comunica\u00e7\u00f5es, observa\u00e7\u00e3o, mapeamento de informa\u00e7\u00f5es, posicionamento e monitoramento espacial\u201d, ressaltou.<\/p>\n<p>O evento contou com a presen\u00e7a do Ministro de Ci\u00eancia e Tecnologia, Marcos Pontes, o Ministro das Comunica\u00e7\u00f5es, F\u00e1bio Faria, o Ministro do Gabinete de Seguran\u00e7a Institucional da Presid\u00eancia da Rep\u00fablica, Augusto Heleno, o Presidente da Telebr\u00e1s, Waldemar Gon\u00e7alves Ortunho, o Comandante da Aeron\u00e1utica, Tenente-Brigadeiro do Ar Antonio Carlos Moretti Bermudez, o Comandante da Marinha, Almirante de Esquadra Ilques Barbosa J\u00fanior, entre outras autoridades civis e militares.<\/p>\n<p><strong>O COPE<\/strong><\/p>\n<p>Constru\u00eddo para servir como centro de controle do SGDC e com a possibilidade de controlar diversos sat\u00e9lites geoestacion\u00e1rios e de baixa \u00f3rbita, as instala\u00e7\u00f5es do COPE foram projetadas com alto n\u00edvel de seguran\u00e7a e disponibilidade de rede, tornando-se refer\u00eancia pela complexidade e modernidade. Provendo servi\u00e7os com aplica\u00e7\u00e3o civil e militar e atuando com plena confiabilidade, o COPE tem capacidade de opera\u00e7\u00e3o continuada nos mais diversos cen\u00e1rios.<\/p>\n<p>Uma das fun\u00e7\u00f5es do COPE \u00e9 receber os pedidos de aquisi\u00e7\u00e3o de imagens de outros sat\u00e9lites e adequ\u00e1-los \u00e0s capacidades dos sensores orbitais de sua responsabilidade. A exemplo das Opera\u00e7\u00f5es Verde Brasil e Amaz\u00f4nia Azul 2019, os sat\u00e9lites contratados apoiam o processo decis\u00f3rio das principais atividades das For\u00e7as Armadas.<\/p>\n<p>Com informa\u00e7\u00f5es do Minist\u00e9rio da Defesa \/ Foto: Sargento Bianca Viol<\/p>\n","protected":false},"excerpt":{"rendered":"<p>Ampla estrutura do COPE representa um marco estrat\u00e9gico em prol da soberania nacional na \u00e1rea espacial O Ministro da Defesa, Fernando Azevedo, esteve juntamente com&#8230;<\/p>\n","protected":false},"author":1182,"featured_media":30086,"comment_status":"closed","ping_status":"closed","sticky":false,"template":"","format":"standard","meta":{"footnotes":""},"categories":[6],"tags":[3266,972,536,417],"class_list":["post-30073","post","type-post","status-publish","format-standard","has-post-thumbnail","hentry","category-noticias","tag-cope","tag-defesa","tag-inauguracao","tag-ministro"],"_links":{"self":[{"href":"https:\/\/www.sincomam.org.br\/index.php\/wp-json\/wp\/v2\/posts\/30073","targetHints":{"allow":["GET"]}}],"collection":[{"href":"https:\/\/www.sincomam.org.br\/index.php\/wp-json\/wp\/v2\/posts"}],"about":[{"href":"https:\/\/www.sincomam.org.br\/index.php\/wp-json\/wp\/v2\/types\/post"}],"author":[{"embeddable":true,"href":"https:\/\/www.sincomam.org.br\/index.php\/wp-json\/wp\/v2\/users\/1182"}],"replies":[{"embeddable":true,"href":"https:\/\/www.sincomam.org.br\/index.php\/wp-json\/wp\/v2\/comments?post=30073"}],"version-history":[{"count":4,"href":"https:\/\/www.sincomam.org.br\/index.php\/wp-json\/wp\/v2\/posts\/30073\/revisions"}],"predecessor-version":[{"id":30088,"href":"https:\/\/www.sincomam.org.br\/index.php\/wp-json\/wp\/v2\/posts\/30073\/revisions\/30088"}],"wp:featuredmedia":[{"embeddable":true,"href":"https:\/\/www.sincomam.org.br\/index.php\/wp-json\/wp\/v2\/media\/30086"}],"wp:attachment":[{"href":"https:\/\/www.sincomam.org.br\/index.php\/wp-json\/wp\/v2\/media?parent=30073"}],"wp:term":[{"taxonomy":"category","embeddable":true,"href":"https:\/\/www.sincomam.org.br\/index.php\/wp-json\/wp\/v2\/categories?post=30073"},{"taxonomy":"post_tag","embeddable":true,"href":"https:\/\/www.sincomam.org.br\/index.php\/wp-json\/wp\/v2\/tags?post=30073"}],"curies":[{"name":"wp","href":"https:\/\/api.w.org\/{rel}","templated":true}]}}