{"id":30060,"date":"2020-06-23T10:51:13","date_gmt":"2020-06-23T13:51:13","guid":{"rendered":"http:\/\/www.sincomam.org.br\/?p=30060"},"modified":"2020-06-23T10:51:13","modified_gmt":"2020-06-23T13:51:13","slug":"capitania-dos-portos-do-rio-de-janeiro-realiza-acao-de-fiscalizacao","status":"publish","type":"post","link":"https:\/\/www.sincomam.org.br\/index.php\/capitania-dos-portos-do-rio-de-janeiro-realiza-acao-de-fiscalizacao\/","title":{"rendered":"Capitania dos Portos do Rio de Janeiro realiza A\u00e7\u00e3o de Fiscaliza\u00e7\u00e3o"},"content":{"rendered":"<p><strong><em>Fiscaliza\u00e7\u00e3o foi realizada para o tr\u00e1fego aquavi\u00e1rio e pesca predat\u00f3ria<\/em><\/strong><\/p>\n<p>A Marinha informa que, no 20 de junho, aconteceu mais uma Opera\u00e7\u00e3o Interag\u00eancias da Marinha do Brasil (MB), com a participa\u00e7\u00e3o do Comando de Pol\u00edcia Ambiental (CPAM) da Pol\u00edcia Militar do Estado do Rio de Janeiro e do Instituto Estadual do Meio Ambiente (INEA).<\/p>\n<p>Segundo a Marinha, a opera\u00e7\u00e3o foi realizada com meios da Capitania dos Portos do Rio de Janeiro e do Comando do Grupamento de Patrulha Naval do Sudeste, por interm\u00e9dio do Aviso de Patrulha (AviPa) \u201cAlbacora\u201d, respons\u00e1vel pelas a\u00e7\u00f5es de inspe\u00e7\u00e3o naval e de apoio log\u00edstico aos agentes do INEA. Al\u00e9m disso, a opera\u00e7\u00e3o contou com a participa\u00e7\u00e3o de motoaqu\u00e1ticas do CPAM e embarca\u00e7\u00f5es do INEA.<\/p>\n<p>Durante a opera\u00e7\u00e3o, a Marinha atuou na fiscaliza\u00e7\u00e3o do tr\u00e1fego aquavi\u00e1rio, visando \u00e0 seguran\u00e7a da navega\u00e7\u00e3o e \u00e0 salvaguarda da vida humana no mar, e apoiou as outras ag\u00eancias na repress\u00e3o \u00e0 pesca predat\u00f3ria na Reserva Extrativista Marinha de Itaipu (Resex-Itaipu).<\/p>\n<p>Com informa\u00e7\u00f5es MB<\/p>\n","protected":false},"excerpt":{"rendered":"<p>Fiscaliza\u00e7\u00e3o foi realizada para o tr\u00e1fego aquavi\u00e1rio e pesca predat\u00f3ria A Marinha informa que, no 20 de junho, aconteceu mais uma Opera\u00e7\u00e3o Interag\u00eancias da Marinha&#8230;<\/p>\n","protected":false},"author":1182,"featured_media":30061,"comment_status":"closed","ping_status":"closed","sticky":false,"template":"","format":"standard","meta":{"footnotes":""},"categories":[6],"tags":[606,230,231,80,59],"class_list":["post-30060","post","type-post","status-publish","format-standard","has-post-thumbnail","hentry","category-noticias","tag-acao","tag-capitania","tag-fiscalizacao","tag-porto","tag-rio-de-janeiro"],"_links":{"self":[{"href":"https:\/\/www.sincomam.org.br\/index.php\/wp-json\/wp\/v2\/posts\/30060","targetHints":{"allow":["GET"]}}],"collection":[{"href":"https:\/\/www.sincomam.org.br\/index.php\/wp-json\/wp\/v2\/posts"}],"about":[{"href":"https:\/\/www.sincomam.org.br\/index.php\/wp-json\/wp\/v2\/types\/post"}],"author":[{"embeddable":true,"href":"https:\/\/www.sincomam.org.br\/index.php\/wp-json\/wp\/v2\/users\/1182"}],"replies":[{"embeddable":true,"href":"https:\/\/www.sincomam.org.br\/index.php\/wp-json\/wp\/v2\/comments?post=30060"}],"version-history":[{"count":1,"href":"https:\/\/www.sincomam.org.br\/index.php\/wp-json\/wp\/v2\/posts\/30060\/revisions"}],"predecessor-version":[{"id":30062,"href":"https:\/\/www.sincomam.org.br\/index.php\/wp-json\/wp\/v2\/posts\/30060\/revisions\/30062"}],"wp:featuredmedia":[{"embeddable":true,"href":"https:\/\/www.sincomam.org.br\/index.php\/wp-json\/wp\/v2\/media\/30061"}],"wp:attachment":[{"href":"https:\/\/www.sincomam.org.br\/index.php\/wp-json\/wp\/v2\/media?parent=30060"}],"wp:term":[{"taxonomy":"category","embeddable":true,"href":"https:\/\/www.sincomam.org.br\/index.php\/wp-json\/wp\/v2\/categories?post=30060"},{"taxonomy":"post_tag","embeddable":true,"href":"https:\/\/www.sincomam.org.br\/index.php\/wp-json\/wp\/v2\/tags?post=30060"}],"curies":[{"name":"wp","href":"https:\/\/api.w.org\/{rel}","templated":true}]}}