{"id":30049,"date":"2020-06-23T10:19:58","date_gmt":"2020-06-23T13:19:58","guid":{"rendered":"http:\/\/www.sincomam.org.br\/?p=30049"},"modified":"2020-06-23T10:19:58","modified_gmt":"2020-06-23T13:19:58","slug":"idema-emite-licenca-ambiental-para-porto-de-natal","status":"publish","type":"post","link":"https:\/\/www.sincomam.org.br\/index.php\/idema-emite-licenca-ambiental-para-porto-de-natal\/","title":{"rendered":"Idema emite licen\u00e7a ambiental para Porto de Natal"},"content":{"rendered":"<p><strong><em>Infraestrutura portu\u00e1ria traz maior movimenta\u00e7\u00e3o de cargas para exporta\u00e7\u00e3o e importa\u00e7\u00e3o do Rio Grande do Norte<\/em><\/strong><\/p>\n<p>O Instituto de Desenvolvimento Sustent\u00e1vel e Meio Ambiente \u2013 Idema emitiu, nesta quarta-feira (17), a Licen\u00e7a de Regulariza\u00e7\u00e3o de Opera\u00e7\u00e3o (LRO) para o Porto de Natal, sob compet\u00eancia da Companhia Docas do Rio Grande do Norte (CODERN). No \u00faltimo ano, a atual gest\u00e3o do Idema uniu esfor\u00e7os para tratar das an\u00e1lises t\u00e9cnicas, buscando a regulariza\u00e7\u00e3o ambiental do empreendimento t\u00e3o relevante para o Rio Grande do Norte.<\/p>\n<p>O processo foi formado em 2011 e, ao longo dos anos, v\u00e1rios estudos e documentos foram protocolados, bem como foram realizadas an\u00e1lises t\u00e9cnicas e solicita\u00e7\u00f5es para complementa\u00e7\u00e3o dos estudos com o objetivo de viabilizar a emiss\u00e3o da licen\u00e7a.<\/p>\n<p>Para o Diretor-Presidente da CODERN, Elis Treidler\u00d6berg, a conquista \u00e9 muito importante. \u201cH\u00e1 nove anos tramitava esse processo, agora concretizado. \u00c9 fruto de uma uni\u00e3o de esfor\u00e7os da Companhia com o Idema, e refor\u00e7a o olhar da CODERN para o desenvolvimento sustent\u00e1vel. Esse licenciamento ambiental vai nos proporcionar mais seguran\u00e7a para atrair novos clientes\u201d, afirma o Diretor.<\/p>\n<p>As equipes do Idema e da Companhia Docas do Rio Grande do Norte (CODERN), trabalharam com esfor\u00e7o conjunto para resolver todas as pend\u00eancias que ainda restavam para a viabilidade ambiental do empreendimento, levando em considera\u00e7\u00e3o todas as melhorias que o Porto adotou at\u00e9 hoje, projetos e iniciativas que ser\u00e3o adotadas por for\u00e7a da pr\u00f3pria licen\u00e7a que possui as condicionantes a serem observadas pelo Porto.<\/p>\n<p>De acordo com o diretor do Idema, Leon Aguiar, o \u00f3rg\u00e3o realizou todo um esfor\u00e7o durante o ano de 2019 e in\u00edcio de 2020 para poder concluir o processo. \u201cO Porto de Natal \u00e9 um projeto estrat\u00e9gico para todo o Rio Grande do Norte, e n\u00f3s possu\u00edmos uma equipe t\u00e9cnica bastante competente para analisar os estudos que foram determinantes para a emiss\u00e3o da licen\u00e7a ambiental\u201d, relata o diretor.<\/p>\n<p><strong>Porto de Natal<\/strong><\/p>\n<p>O Porto de Natal tem uma grande relev\u00e2ncia para o Estado por ser a infraestrutura de maior movimenta\u00e7\u00e3o de cargas para exporta\u00e7\u00e3o e importa\u00e7\u00e3o, respons\u00e1vel pelo desenvolvimento socioecon\u00f4mico, principalmente para o cen\u00e1rio em que se apresenta a economia do RN e do Brasil.<\/p>\n<p>Com informa\u00e7\u00f5es da Assessoria de Imprensa do IDEMA<\/p>\n","protected":false},"excerpt":{"rendered":"<p>Infraestrutura portu\u00e1ria traz maior movimenta\u00e7\u00e3o de cargas para exporta\u00e7\u00e3o e importa\u00e7\u00e3o do Rio Grande do Norte O Instituto de Desenvolvimento Sustent\u00e1vel e Meio Ambiente \u2013&#8230;<\/p>\n","protected":false},"author":1182,"featured_media":3197,"comment_status":"closed","ping_status":"closed","sticky":false,"template":"","format":"standard","meta":{"footnotes":""},"categories":[6],"tags":[1734,3255,866,357,80],"class_list":["post-30049","post","type-post","status-publish","format-standard","has-post-thumbnail","hentry","category-noticias","tag-ambiental","tag-idema","tag-licenca","tag-natal","tag-porto"],"_links":{"self":[{"href":"https:\/\/www.sincomam.org.br\/index.php\/wp-json\/wp\/v2\/posts\/30049","targetHints":{"allow":["GET"]}}],"collection":[{"href":"https:\/\/www.sincomam.org.br\/index.php\/wp-json\/wp\/v2\/posts"}],"about":[{"href":"https:\/\/www.sincomam.org.br\/index.php\/wp-json\/wp\/v2\/types\/post"}],"author":[{"embeddable":true,"href":"https:\/\/www.sincomam.org.br\/index.php\/wp-json\/wp\/v2\/users\/1182"}],"replies":[{"embeddable":true,"href":"https:\/\/www.sincomam.org.br\/index.php\/wp-json\/wp\/v2\/comments?post=30049"}],"version-history":[{"count":1,"href":"https:\/\/www.sincomam.org.br\/index.php\/wp-json\/wp\/v2\/posts\/30049\/revisions"}],"predecessor-version":[{"id":30050,"href":"https:\/\/www.sincomam.org.br\/index.php\/wp-json\/wp\/v2\/posts\/30049\/revisions\/30050"}],"wp:featuredmedia":[{"embeddable":true,"href":"https:\/\/www.sincomam.org.br\/index.php\/wp-json\/wp\/v2\/media\/3197"}],"wp:attachment":[{"href":"https:\/\/www.sincomam.org.br\/index.php\/wp-json\/wp\/v2\/media?parent=30049"}],"wp:term":[{"taxonomy":"category","embeddable":true,"href":"https:\/\/www.sincomam.org.br\/index.php\/wp-json\/wp\/v2\/categories?post=30049"},{"taxonomy":"post_tag","embeddable":true,"href":"https:\/\/www.sincomam.org.br\/index.php\/wp-json\/wp\/v2\/tags?post=30049"}],"curies":[{"name":"wp","href":"https:\/\/api.w.org\/{rel}","templated":true}]}}