{"id":30038,"date":"2020-06-22T12:06:33","date_gmt":"2020-06-22T15:06:33","guid":{"rendered":"http:\/\/www.sincomam.org.br\/?p=30038"},"modified":"2020-06-22T12:06:33","modified_gmt":"2020-06-22T15:06:33","slug":"oficial-da-marinha-participa-de-painel-internacional-sobre-lideranca-em-operacoes-de-manutencao-da-paz","status":"publish","type":"post","link":"https:\/\/www.sincomam.org.br\/index.php\/oficial-da-marinha-participa-de-painel-internacional-sobre-lideranca-em-operacoes-de-manutencao-da-paz\/","title":{"rendered":"Oficial da Marinha participa de painel internacional sobre lideran\u00e7a em opera\u00e7\u00f5es de manuten\u00e7\u00e3o da paz"},"content":{"rendered":"<p><strong><em>Capit\u00e3o de Corveta (FN) Manh\u00e3es durante apresenta\u00e7\u00e3o no Instituto de Coopera\u00e7\u00e3o de Defesa dos EUA para o Hemisf\u00e9rio Ocidental<\/em><\/strong><\/p>\n<p>O Capit\u00e3o de Corveta (FN) David Peixoto Manh\u00e3es Junior participou, no dia 15 de junho, de um painel sobre lideran\u00e7a em opera\u00e7\u00f5es de manuten\u00e7\u00e3o da paz, organizado pelo Instituto de Coopera\u00e7\u00e3o de Defesa dos EUA para o Hemisf\u00e9rio Ocidental, onde realiza interc\u00e2mbio.<\/p>\n<p>O painel fez parte do Curso de Opera\u00e7\u00f5es de Paz para Pessoal de Estado-Maior oferecido pelo Instituto, e contou com outros tr\u00eas conferencistas e mais de 70 expectadores, dentre alunos e convidados.<\/p>\n<p>Durante sua exposi\u00e7\u00e3o, o Capit\u00e3o de Corveta Manh\u00e3es abordou aspectos que contribu\u00edram para o sucesso da participa\u00e7\u00e3o do Brasil na Miss\u00e3o das Na\u00e7\u00f5es Unidas para a Estabiliza\u00e7\u00e3o no Haiti e da For\u00e7a-Tarefa Mar\u00edtima da For\u00e7a Interina das Na\u00e7\u00f5es Unidas no L\u00edbano.<\/p>\n<p>Em meio aos fatores que contribuem para o continuado sucesso do Brasil em Opera\u00e7\u00f5es de Paz, o Capit\u00e3o de Corveta Manh\u00e3es atribuiu relev\u00e2ncia \u00e0 capacita\u00e7\u00e3o do pessoal empregado nessas opera\u00e7\u00f5es, destacando o Curso Internacional de Opera\u00e7\u00f5es de Paz de Car\u00e1ter Naval e o Est\u00e1gio de Opera\u00e7\u00f5es de Paz para Mulheres, ambos oferecidos pelo Centro de Opera\u00e7\u00f5es de Paz de Car\u00e1ter Naval, do Centro de Instru\u00e7\u00e3o Almirante Sylvio de Camargo.<\/p>\n<p>Com informa\u00e7\u00f5es da Marinha do Brasil<\/p>\n","protected":false},"excerpt":{"rendered":"<p>Capit\u00e3o de Corveta (FN) Manh\u00e3es durante apresenta\u00e7\u00e3o no Instituto de Coopera\u00e7\u00e3o de Defesa dos EUA para o Hemisf\u00e9rio Ocidental O Capit\u00e3o de Corveta (FN) David&#8230;<\/p>\n","protected":false},"author":1182,"featured_media":30039,"comment_status":"closed","ping_status":"closed","sticky":false,"template":"","format":"standard","meta":{"footnotes":""},"categories":[6],"tags":[61,3248,3249,266,15,3061,377,3250,3110],"class_list":["post-30038","post","type-post","status-publish","format-standard","has-post-thumbnail","hentry","category-noticias","tag-brasil","tag-capitao","tag-corveta","tag-eua","tag-marinha","tag-oficial","tag-operacao","tag-painel","tag-paz"],"_links":{"self":[{"href":"https:\/\/www.sincomam.org.br\/index.php\/wp-json\/wp\/v2\/posts\/30038","targetHints":{"allow":["GET"]}}],"collection":[{"href":"https:\/\/www.sincomam.org.br\/index.php\/wp-json\/wp\/v2\/posts"}],"about":[{"href":"https:\/\/www.sincomam.org.br\/index.php\/wp-json\/wp\/v2\/types\/post"}],"author":[{"embeddable":true,"href":"https:\/\/www.sincomam.org.br\/index.php\/wp-json\/wp\/v2\/users\/1182"}],"replies":[{"embeddable":true,"href":"https:\/\/www.sincomam.org.br\/index.php\/wp-json\/wp\/v2\/comments?post=30038"}],"version-history":[{"count":1,"href":"https:\/\/www.sincomam.org.br\/index.php\/wp-json\/wp\/v2\/posts\/30038\/revisions"}],"predecessor-version":[{"id":30040,"href":"https:\/\/www.sincomam.org.br\/index.php\/wp-json\/wp\/v2\/posts\/30038\/revisions\/30040"}],"wp:featuredmedia":[{"embeddable":true,"href":"https:\/\/www.sincomam.org.br\/index.php\/wp-json\/wp\/v2\/media\/30039"}],"wp:attachment":[{"href":"https:\/\/www.sincomam.org.br\/index.php\/wp-json\/wp\/v2\/media?parent=30038"}],"wp:term":[{"taxonomy":"category","embeddable":true,"href":"https:\/\/www.sincomam.org.br\/index.php\/wp-json\/wp\/v2\/categories?post=30038"},{"taxonomy":"post_tag","embeddable":true,"href":"https:\/\/www.sincomam.org.br\/index.php\/wp-json\/wp\/v2\/tags?post=30038"}],"curies":[{"name":"wp","href":"https:\/\/api.w.org\/{rel}","templated":true}]}}