{"id":30032,"date":"2020-06-22T11:03:13","date_gmt":"2020-06-22T14:03:13","guid":{"rendered":"http:\/\/www.sincomam.org.br\/?p=30032"},"modified":"2020-06-22T11:39:51","modified_gmt":"2020-06-22T14:39:51","slug":"beneficiarios-do-bolsa-familia-recebem-3a-parcela-de-auxilio","status":"publish","type":"post","link":"https:\/\/www.sincomam.org.br\/index.php\/beneficiarios-do-bolsa-familia-recebem-3a-parcela-de-auxilio\/","title":{"rendered":"Benefici\u00e1rios do Bolsa Fam\u00edlia recebem 3\u00aa parcela de aux\u00edlio"},"content":{"rendered":"<p><strong><em>Pagamento \u00e9 feito hoje a integrantes do programa com NIS final 4<\/em><\/strong><\/p>\n<p>Cerca de 1,9 milh\u00e3o de benefici\u00e1rios do Bolsa Fam\u00edlia com N\u00famero de Identifica\u00e7\u00e3o Social (NIS) final 4 recebem hoje (22) a terceira parcela do aux\u00edlio emergencial. Os integrantes do programa come\u00e7aram a receber a terceira parcela na \u00faltima quarta-feira (17). Os primeiros a receber foram os benefici\u00e1rios com NIS final 1.<\/p>\n<p>Os repasses de R$ 600 a R$ 1.200 obedecem ao calend\u00e1rio habitual do programa at\u00e9 30 de junho.<\/p>\n<p>O aux\u00edlio emergencial \u00e9 parte das a\u00e7\u00f5es do governo federal para reduzir os impactos socioecon\u00f4micos causados pela pandemia de covid-19.<\/p>\n<p>Confira calend\u00e1rio de pagamento para benefici\u00e1rios do Bolsa Fam\u00edlia:<\/p>\n<table width=\"0\">\n<tbody>\n<tr>\n<td><strong>Data<\/strong><\/td>\n<td><strong>N<\/strong>\u00ba<strong>. de beneficiados<\/strong><\/td>\n<td><strong>\u00daltimo d\u00edgito do NIS<\/strong><\/td>\n<\/tr>\n<tr>\n<td>18 de junho<\/td>\n<td>1.926.557<\/td>\n<td>d\u00edgito 2<\/td>\n<\/tr>\n<tr>\n<td>19 de junho<\/td>\n<td>1.923.492<\/td>\n<td>d\u00edgito 3<\/td>\n<\/tr>\n<tr>\n<td>22 de junho<\/td>\n<td>1.924.261<\/td>\n<td>d\u00edgito 4<\/td>\n<\/tr>\n<tr>\n<td>23 de junho<\/td>\n<td>1.922.522<\/td>\n<td>d\u00edgito 5<\/td>\n<\/tr>\n<tr>\n<td>24 de junho<\/td>\n<td>1.919.453<\/td>\n<td>d\u00edgito 6<\/td>\n<\/tr>\n<tr>\n<td>25 de junho<\/td>\n<td>1.921.061<\/td>\n<td>d\u00edgito 7<\/td>\n<\/tr>\n<tr>\n<td>26 de junho<\/td>\n<td>1.917.991<\/td>\n<td>d\u00edgito 8<\/td>\n<\/tr>\n<tr>\n<td>29 de junho<\/td>\n<td>1920.953<\/td>\n<td>d\u00edgito 9<\/td>\n<\/tr>\n<tr>\n<td>30 de junho<\/td>\n<td>1.918.047<\/td>\n<td>d\u00edgito 0<\/td>\n<\/tr>\n<\/tbody>\n<\/table>\n<p>Fonte: Ag\u00eancia Brasil<\/p>\n","protected":false},"excerpt":{"rendered":"<p>Pagamento \u00e9 feito hoje a integrantes do programa com NIS final 4 Cerca de 1,9 milh\u00e3o de benefici\u00e1rios do Bolsa Fam\u00edlia com N\u00famero de Identifica\u00e7\u00e3o&#8230;<\/p>\n","protected":false},"author":1182,"featured_media":4097,"comment_status":"closed","ping_status":"closed","sticky":false,"template":"","format":"standard","meta":{"footnotes":""},"categories":[6],"tags":[1757,3233,1807,432,1610,754,2795],"class_list":["post-30032","post","type-post","status-publish","format-standard","has-post-thumbnail","hentry","category-noticias","tag-auxilio","tag-beneficiario","tag-bolsa","tag-emergencial","tag-familia","tag-programa","tag-social"],"_links":{"self":[{"href":"https:\/\/www.sincomam.org.br\/index.php\/wp-json\/wp\/v2\/posts\/30032","targetHints":{"allow":["GET"]}}],"collection":[{"href":"https:\/\/www.sincomam.org.br\/index.php\/wp-json\/wp\/v2\/posts"}],"about":[{"href":"https:\/\/www.sincomam.org.br\/index.php\/wp-json\/wp\/v2\/types\/post"}],"author":[{"embeddable":true,"href":"https:\/\/www.sincomam.org.br\/index.php\/wp-json\/wp\/v2\/users\/1182"}],"replies":[{"embeddable":true,"href":"https:\/\/www.sincomam.org.br\/index.php\/wp-json\/wp\/v2\/comments?post=30032"}],"version-history":[{"count":1,"href":"https:\/\/www.sincomam.org.br\/index.php\/wp-json\/wp\/v2\/posts\/30032\/revisions"}],"predecessor-version":[{"id":30033,"href":"https:\/\/www.sincomam.org.br\/index.php\/wp-json\/wp\/v2\/posts\/30032\/revisions\/30033"}],"wp:featuredmedia":[{"embeddable":true,"href":"https:\/\/www.sincomam.org.br\/index.php\/wp-json\/wp\/v2\/media\/4097"}],"wp:attachment":[{"href":"https:\/\/www.sincomam.org.br\/index.php\/wp-json\/wp\/v2\/media?parent=30032"}],"wp:term":[{"taxonomy":"category","embeddable":true,"href":"https:\/\/www.sincomam.org.br\/index.php\/wp-json\/wp\/v2\/categories?post=30032"},{"taxonomy":"post_tag","embeddable":true,"href":"https:\/\/www.sincomam.org.br\/index.php\/wp-json\/wp\/v2\/tags?post=30032"}],"curies":[{"name":"wp","href":"https:\/\/api.w.org\/{rel}","templated":true}]}}