{"id":30028,"date":"2020-06-22T10:19:38","date_gmt":"2020-06-22T13:19:38","guid":{"rendered":"http:\/\/www.sincomam.org.br\/?p=30028"},"modified":"2020-06-22T13:48:40","modified_gmt":"2020-06-22T16:48:40","slug":"porto-de-paranagua-retoma-exportacao-de-automoveis","status":"publish","type":"post","link":"https:\/\/www.sincomam.org.br\/index.php\/porto-de-paranagua-retoma-exportacao-de-automoveis\/","title":{"rendered":"Porto de Paranagu\u00e1 retoma exporta\u00e7\u00e3o de autom\u00f3veis"},"content":{"rendered":"<p><strong><em>Exporta\u00e7\u00f5es de ve\u00edculos est\u00e3o em alta nos Portos do Paran\u00e1<\/em><\/strong><\/p>\n<p>A administra\u00e7\u00e3o do Porto de Paranagu\u00e1 informou atrav\u00e9s de nota que receber\u00e1, nas pr\u00f3ximas semanas, seis navios para o embarque dos autom\u00f3veis produzidos no Estado.<\/p>\n<p>No in\u00edcio de junho, o navio no Dover HighWay embarcou 2.473 ve\u00edculos com destino \u00e0 Argentina, Col\u00f4mbia e M\u00e9xico. Paranagu\u00e1 tamb\u00e9m recebeu a embarca\u00e7\u00e3o General San Martin, que levou 1.339 autom\u00f3veis para pa\u00edses da Am\u00e9rica Latina.\u00a0 Tamb\u00e9m est\u00e3o previstos a chegada dos navios Michigan HightWay, Grande Argentina, Gran San Paolo e o retorno do General San Martin.<\/p>\n<p>De acordo com o diretor de Opera\u00e7\u00f5es Portu\u00e1rias, Luiz Teixeira J\u00fanior, a retomada das exporta\u00e7\u00f5es \u00e9 um indicativo positivo que o mercado internacional j\u00e1 se recupera.<\/p>\n<p><em>\u201c\u00c9 importante, tamb\u00e9m, porque mostra que a ind\u00fastria brasileira est\u00e1 voltando \u00e0 normalidade. S\u00e3o empregos na linha de produ\u00e7\u00e3o, no transporte at\u00e9 o porto e para os Trabalhadores Portu\u00e1rios Aut\u00f4nomos, estivadores e arrumadores\u201d, disse, em nota.<\/em><\/p>\n<p>A qualifica\u00e7\u00e3o da m\u00e3o de obra dos chamados TPAs, dos portos de Paranagu\u00e1 e Antonina, \u00e9 reconhecida internacionalmente. Os \u00edndices de avaria registrados nos portos paranaenses s\u00e3o refer\u00eancia para os demais portos brasileiros.<\/p>\n<p>Com informa\u00e7\u00f5es do Portos do Paran\u00e1<\/p>\n","protected":false},"excerpt":{"rendered":"<p>Exporta\u00e7\u00f5es de ve\u00edculos est\u00e3o em alta nos Portos do Paran\u00e1 A administra\u00e7\u00e3o do Porto de Paranagu\u00e1 informou atrav\u00e9s de nota que receber\u00e1, nas pr\u00f3ximas semanas,&#8230;<\/p>\n","protected":false},"author":1182,"featured_media":17209,"comment_status":"closed","ping_status":"closed","sticky":false,"template":"","format":"standard","meta":{"footnotes":""},"categories":[6],"tags":[683,109,187,69],"class_list":["post-30028","post","type-post","status-publish","format-standard","has-post-thumbnail","hentry","category-noticias","tag-exportacoes","tag-parana","tag-paranagua","tag-portos"],"_links":{"self":[{"href":"https:\/\/www.sincomam.org.br\/index.php\/wp-json\/wp\/v2\/posts\/30028","targetHints":{"allow":["GET"]}}],"collection":[{"href":"https:\/\/www.sincomam.org.br\/index.php\/wp-json\/wp\/v2\/posts"}],"about":[{"href":"https:\/\/www.sincomam.org.br\/index.php\/wp-json\/wp\/v2\/types\/post"}],"author":[{"embeddable":true,"href":"https:\/\/www.sincomam.org.br\/index.php\/wp-json\/wp\/v2\/users\/1182"}],"replies":[{"embeddable":true,"href":"https:\/\/www.sincomam.org.br\/index.php\/wp-json\/wp\/v2\/comments?post=30028"}],"version-history":[{"count":1,"href":"https:\/\/www.sincomam.org.br\/index.php\/wp-json\/wp\/v2\/posts\/30028\/revisions"}],"predecessor-version":[{"id":30029,"href":"https:\/\/www.sincomam.org.br\/index.php\/wp-json\/wp\/v2\/posts\/30028\/revisions\/30029"}],"wp:featuredmedia":[{"embeddable":true,"href":"https:\/\/www.sincomam.org.br\/index.php\/wp-json\/wp\/v2\/media\/17209"}],"wp:attachment":[{"href":"https:\/\/www.sincomam.org.br\/index.php\/wp-json\/wp\/v2\/media?parent=30028"}],"wp:term":[{"taxonomy":"category","embeddable":true,"href":"https:\/\/www.sincomam.org.br\/index.php\/wp-json\/wp\/v2\/categories?post=30028"},{"taxonomy":"post_tag","embeddable":true,"href":"https:\/\/www.sincomam.org.br\/index.php\/wp-json\/wp\/v2\/tags?post=30028"}],"curies":[{"name":"wp","href":"https:\/\/api.w.org\/{rel}","templated":true}]}}