{"id":30024,"date":"2020-06-19T12:10:10","date_gmt":"2020-06-19T15:10:10","guid":{"rendered":"http:\/\/www.sincomam.org.br\/?p=30024"},"modified":"2020-06-19T12:40:36","modified_gmt":"2020-06-19T15:40:36","slug":"covid-19-brasil-tem-47-mil-mortes-e-mais-de-900-mil-brasileiros-infectados","status":"publish","type":"post","link":"https:\/\/www.sincomam.org.br\/index.php\/covid-19-brasil-tem-47-mil-mortes-e-mais-de-900-mil-brasileiros-infectados\/","title":{"rendered":"Covid-19: Brasil tem 47 mil mortes e mais de 900 mil brasileiros infectados"},"content":{"rendered":"<p><strong><em>Tipo sangu\u00edneo de uma pessoa e outros fatores gen\u00e9ticos podem ter liga\u00e7\u00e3o com a gravidade de uma infec\u00e7\u00e3o pelo novo coronav\u00edrus, de acordo com pesquisadores europeus<\/em><\/strong><\/p>\n<p>O Brasil tem 47.897 mortes por coronav\u00edrus confirmadas at\u00e9 as 8h desta sexta-feira (19), aponta um levantamento feito pelo cons\u00f3rcio de ve\u00edculos de imprensa a partir de dados das secretarias estaduais de Sa\u00fade.<\/p>\n<p>O cons\u00f3rcio divulgou na quinta (18), \u00e0s 20h, o 11\u00ba balan\u00e7o, com os dados mais atualizados das secretarias estaduais naquele momento. Desde ent\u00e3o, GO, MT e RR divulgaram novos dados.<\/p>\n<p>Veja os dados atualizados \u00e0s 8h desta sexta-feira (19):<\/p>\n<ul>\n<li>897 mortes<\/li>\n<li>315 casos confirmados<\/li>\n<\/ul>\n<p>Os dados foram obtidos ap\u00f3s uma parceria in\u00e9dita entre G1, O Globo, Extra, O Estado de S.Paulo, Folha de S.Paulo e UOL, que passaram a trabalhar de forma colaborativa para reunir as informa\u00e7\u00f5es necess\u00e1rias nos 26 estados e no Distrito Federal. O objetivo \u00e9 que os brasileiros possam saber como est\u00e1 a evolu\u00e7\u00e3o e o total de \u00f3bitos provocados pela Covid-19, al\u00e9m dos n\u00fameros consolidados de casos testados e com resultado positivo para o novo coronav\u00edrus.<\/p>\n<p><strong><em>Minist\u00e9rio da Sa\u00fade<\/em><\/strong><\/p>\n<p>O Minist\u00e9rio da Sa\u00fade informou h\u00e1 pouco que o Brasil registrou 1.238 mortes em decorr\u00eancia da covid-19 nas \u00faltimas 24 horas, dados compilados at\u00e9 17h30. O total de \u00f3bitos desde o in\u00edcio da pandemia \u00e9 de 47.748. O n\u00famero de casos confirmados subiu 22.765 nas \u00faltimas 24 horas e totalizou 978.142.<\/p>\n<p>O Estado de S\u00e3o Paulo lidera o n\u00famero de mortes (11.846), com 192.628 casos confirmados. O Estado do Rio tem 8.412 \u00f3bitos e 87.317 casos confirmados.<\/p>\n<p><strong>Tipo sangu\u00edneo e genes<\/strong><\/p>\n<p>O tipo sangu\u00edneo de uma pessoa e outros fatores gen\u00e9ticos podem ter liga\u00e7\u00e3o com a gravidade de uma infec\u00e7\u00e3o pelo novo coronav\u00edrus, de acordo com pesquisadores europeus que buscam mais pistas para explicar por que a covid-19 atinge algumas pessoas t\u00e3o mais duramente que outras, segundo a ag\u00eancia de not\u00edcias Reuters.<\/p>\n<p>As descobertas, publicadas no peri\u00f3dico cient\u00edfico The New England Journal of Medicine na quarta-feira (17), levam a crer que pessoas com sangue tipo A correm risco maior de desenvolver sintomas mais intensos quando infectadas pelo novo coronav\u00edrus.<\/p>\n<p>De acordo com a Reuters, no auge da epidemia na Europa, pesquisadores analisaram os genes de mais de 4 mil pessoas em busca de varia\u00e7\u00f5es que s\u00e3o comuns naqueles que foram infectados pelo v\u00edrus e desenvolveram casos graves de covid-19.<\/p>\n<p>Fonte: G1\/Ag\u00eancia Brasil<\/p>\n","protected":false},"excerpt":{"rendered":"<p>Tipo sangu\u00edneo de uma pessoa e outros fatores gen\u00e9ticos podem ter liga\u00e7\u00e3o com a gravidade de uma infec\u00e7\u00e3o pelo novo coronav\u00edrus, de acordo com pesquisadores&#8230;<\/p>\n","protected":false},"author":1182,"featured_media":28629,"comment_status":"closed","ping_status":"closed","sticky":false,"template":"","format":"standard","meta":{"footnotes":""},"categories":[6],"tags":[61,175,2752,2751,3244,1460,1005,3245,59,3243,366,3242],"class_list":["post-30024","post","type-post","status-publish","format-standard","has-post-thumbnail","hentry","category-noticias","tag-brasil","tag-ceara","tag-coronavirus","tag-covid-19","tag-genetica","tag-infectados","tag-mortes","tag-recuperados","tag-rio-de-janeiro","tag-sanguineo","tag-sao-paulo","tag-tipo"],"_links":{"self":[{"href":"https:\/\/www.sincomam.org.br\/index.php\/wp-json\/wp\/v2\/posts\/30024","targetHints":{"allow":["GET"]}}],"collection":[{"href":"https:\/\/www.sincomam.org.br\/index.php\/wp-json\/wp\/v2\/posts"}],"about":[{"href":"https:\/\/www.sincomam.org.br\/index.php\/wp-json\/wp\/v2\/types\/post"}],"author":[{"embeddable":true,"href":"https:\/\/www.sincomam.org.br\/index.php\/wp-json\/wp\/v2\/users\/1182"}],"replies":[{"embeddable":true,"href":"https:\/\/www.sincomam.org.br\/index.php\/wp-json\/wp\/v2\/comments?post=30024"}],"version-history":[{"count":1,"href":"https:\/\/www.sincomam.org.br\/index.php\/wp-json\/wp\/v2\/posts\/30024\/revisions"}],"predecessor-version":[{"id":30025,"href":"https:\/\/www.sincomam.org.br\/index.php\/wp-json\/wp\/v2\/posts\/30024\/revisions\/30025"}],"wp:featuredmedia":[{"embeddable":true,"href":"https:\/\/www.sincomam.org.br\/index.php\/wp-json\/wp\/v2\/media\/28629"}],"wp:attachment":[{"href":"https:\/\/www.sincomam.org.br\/index.php\/wp-json\/wp\/v2\/media?parent=30024"}],"wp:term":[{"taxonomy":"category","embeddable":true,"href":"https:\/\/www.sincomam.org.br\/index.php\/wp-json\/wp\/v2\/categories?post=30024"},{"taxonomy":"post_tag","embeddable":true,"href":"https:\/\/www.sincomam.org.br\/index.php\/wp-json\/wp\/v2\/tags?post=30024"}],"curies":[{"name":"wp","href":"https:\/\/api.w.org\/{rel}","templated":true}]}}