{"id":30019,"date":"2020-06-19T11:28:32","date_gmt":"2020-06-19T14:28:32","guid":{"rendered":"http:\/\/www.sincomam.org.br\/?p=30019"},"modified":"2020-06-19T11:28:32","modified_gmt":"2020-06-19T14:28:32","slug":"forcas-armadas-atuam-ha-quase-tres-meses-em-apoio-as-familias-brasileiras-no-enfrentamento-a-covid-19","status":"publish","type":"post","link":"https:\/\/www.sincomam.org.br\/index.php\/forcas-armadas-atuam-ha-quase-tres-meses-em-apoio-as-familias-brasileiras-no-enfrentamento-a-covid-19\/","title":{"rendered":"For\u00e7as Armadas atuam h\u00e1 quase tr\u00eas meses em apoio \u00e0s fam\u00edlias brasileiras no enfrentamento \u00e0 COVID-19"},"content":{"rendered":"<p><em><strong>A\u00e7\u00f5es est\u00e3o sendo desenvolvidas ao longo dos 89 dias, iniciada em 21 de mar\u00e7o<\/strong><\/em><\/p>\n<p>&#8220;O combate \u00e0 COVID-19 \u00e9 uma guerra que est\u00e1 sendo vencida. Com perseveran\u00e7a e muita luta. \u00c9 um combate que estamos travando h\u00e1 90 dias, com Comandos Conjuntos organizados para isso. S\u00e3o tr\u00eas meses de apoio, aux\u00edlio, participa\u00e7\u00e3o das For\u00e7as Armadas para tentar diminuir o sofrimento das fam\u00edlias brasileiras&#8221;. Com essas palavras o Ministro da Defesa, Fernando Azevedo, resumiu a atua\u00e7\u00e3o dos militares no contexto da Opera\u00e7\u00e3o COVID- 19, desencadeada pela Pasta.<\/p>\n<p>O ministro esteve em visita ao Recife (PE), na tarde da \u00faltima ter\u00e7a-feira (16), para acompanhar os trabalhos realizados na miss\u00e3o nos estados do Comando Conjunto Nordeste (CMNE), formados por Piau\u00ed, Cear\u00e1, Alagoas, Sergipe e Pernambuco.<\/p>\n<p>O Comandante do CMNE, General Ivan Neiva, destacou, durante reuni\u00e3o sobre a opera\u00e7\u00e3o que, &#8220;\u00e9 importante que a sociedade brasileira se sinta amparada pelas For\u00e7as Armadas. Estamos trabalhando com sinergia, interoperabilidade, coopera\u00e7\u00e3o e preven\u00e7\u00e3o&#8221;, pontuou.<\/p>\n<p>Conforme informa\u00e7\u00f5es do General Neiva, o CMNE realizou 1.150 a\u00e7\u00f5es, entre elas: desinfec\u00e7\u00e3o de espa\u00e7os p\u00fablicos, distribui\u00e7\u00e3o de cestas b\u00e1sicas, entrega de kits de alimentos para fam\u00edlias do Profesp, quentinhas para moradores de rua.<\/p>\n<p>Em discurso para os militares do CMNE, o Ministro da Defesa os parabenizou pela atua\u00e7\u00e3o e destacou a import\u00e2ncia do trabalho deles nesse momento delicado, que, em suas palavras, &#8220;ser\u00e1 lembrado nos livros de hist\u00f3ria&#8221;.<\/p>\n<p><strong>Opera\u00e7\u00e3o COVID-19<\/strong><\/p>\n<p>O Minist\u00e9rio da Defesa solicitou, em 20 de mar\u00e7o, o Centro de Opera\u00e7\u00f5es Conjuntas, para atuar na coordena\u00e7\u00e3o e no planejamento do emprego das For\u00e7as Armadas no combate ao coronav\u00edrus. Foram ativados dez Comandos Conjuntos, que cobrem todo o territ\u00f3rio nacional, al\u00e9m do Comando Aeroespacial (COMAE), de funcionamento permanente. A iniciativa integra o esfor\u00e7o do governo federal no enfrentamento \u00e0 pandemia que recebeu o nome de Opera\u00e7\u00e3o COVID-19.<\/p>\n<p>Fonte: Minist\u00e9rio da Defesa \/ Foto: Raphael Max<\/p>\n<p>&nbsp;<\/p>\n","protected":false},"excerpt":{"rendered":"<p>A\u00e7\u00f5es est\u00e3o sendo desenvolvidas ao longo dos 89 dias, iniciada em 21 de mar\u00e7o &#8220;O combate \u00e0 COVID-19 \u00e9 uma guerra que est\u00e1 sendo vencida&#8230;.<\/p>\n","protected":false},"author":1182,"featured_media":30020,"comment_status":"closed","ping_status":"closed","sticky":false,"template":"","format":"standard","meta":{"footnotes":""},"categories":[6],"tags":[1162,61,2840,2752,2751,1161,1447,377],"class_list":["post-30019","post","type-post","status-publish","format-standard","has-post-thumbnail","hentry","category-noticias","tag-armadas","tag-brasil","tag-combate","tag-coronavirus","tag-covid-19","tag-forcas","tag-guerra","tag-operacao"],"_links":{"self":[{"href":"https:\/\/www.sincomam.org.br\/index.php\/wp-json\/wp\/v2\/posts\/30019","targetHints":{"allow":["GET"]}}],"collection":[{"href":"https:\/\/www.sincomam.org.br\/index.php\/wp-json\/wp\/v2\/posts"}],"about":[{"href":"https:\/\/www.sincomam.org.br\/index.php\/wp-json\/wp\/v2\/types\/post"}],"author":[{"embeddable":true,"href":"https:\/\/www.sincomam.org.br\/index.php\/wp-json\/wp\/v2\/users\/1182"}],"replies":[{"embeddable":true,"href":"https:\/\/www.sincomam.org.br\/index.php\/wp-json\/wp\/v2\/comments?post=30019"}],"version-history":[{"count":1,"href":"https:\/\/www.sincomam.org.br\/index.php\/wp-json\/wp\/v2\/posts\/30019\/revisions"}],"predecessor-version":[{"id":30021,"href":"https:\/\/www.sincomam.org.br\/index.php\/wp-json\/wp\/v2\/posts\/30019\/revisions\/30021"}],"wp:featuredmedia":[{"embeddable":true,"href":"https:\/\/www.sincomam.org.br\/index.php\/wp-json\/wp\/v2\/media\/30020"}],"wp:attachment":[{"href":"https:\/\/www.sincomam.org.br\/index.php\/wp-json\/wp\/v2\/media?parent=30019"}],"wp:term":[{"taxonomy":"category","embeddable":true,"href":"https:\/\/www.sincomam.org.br\/index.php\/wp-json\/wp\/v2\/categories?post=30019"},{"taxonomy":"post_tag","embeddable":true,"href":"https:\/\/www.sincomam.org.br\/index.php\/wp-json\/wp\/v2\/tags?post=30019"}],"curies":[{"name":"wp","href":"https:\/\/api.w.org\/{rel}","templated":true}]}}