{"id":30001,"date":"2020-06-19T10:06:28","date_gmt":"2020-06-19T13:06:28","guid":{"rendered":"http:\/\/www.sincomam.org.br\/?p=30001"},"modified":"2020-06-19T10:06:28","modified_gmt":"2020-06-19T13:06:28","slug":"petrobras-inicia-venda-de-campos-em-aguas-rasas-do-ceara","status":"publish","type":"post","link":"https:\/\/www.sincomam.org.br\/index.php\/petrobras-inicia-venda-de-campos-em-aguas-rasas-do-ceara\/","title":{"rendered":"Petrobras inicia venda de campos em \u00e1guas rasas do Cear\u00e1"},"content":{"rendered":"<p><strong><em>Concess\u00f5es s\u00e3o para produ\u00e7\u00e3o mar\u00edtimas na sub-bacia de Munda\u00fa<\/em><\/strong><\/p>\n<p>A Petrobras informa que iniciou a etapa de divulga\u00e7\u00e3o da oportunidade (teaser) referente \u00e0 venda da totalidade de sua participa\u00e7\u00e3o nos campos de Atum, Curim\u00e3, Espada e Xar\u00e9u, concess\u00f5es de produ\u00e7\u00e3o mar\u00edtimas em \u00e1guas rasas localizadas na sub-bacia de Munda\u00fa, no estado do Cear\u00e1.<\/p>\n<p>Segundo a estatal, os quatro campos, est\u00e3o localizados a uma dist\u00e2ncia de 30 km da costa do Cear\u00e1, em l\u00e2mina d\u2019\u00e1gua entre 30 e 50 metros. A produ\u00e7\u00e3o m\u00e9dia em 2019 foi de 4,2 mil bpd de \u00f3leo e 76,9 mil m\u00b3\/d de g\u00e1s, atrav\u00e9s de nove plataformas fixas. A Petrobras \u00e9 a operadora nesses campos, com 100% de participa\u00e7\u00e3o.<\/p>\n<p>Essa opera\u00e7\u00e3o est\u00e1 alinhada \u00e0 estrat\u00e9gia de otimiza\u00e7\u00e3o do portf\u00f3lio e de melhoria da aloca\u00e7\u00e3o do capital da companhia, passando a concentrar cada vez mais os seus recursos em \u00e1guas profundas e ultra profundas.<\/p>\n<p>O teaser, que cont\u00e9m as principais informa\u00e7\u00f5es sobre a oportunidade, bem como os crit\u00e9rios de elegibilidade para a sele\u00e7\u00e3o de potenciais participantes, est\u00e1 dispon\u00edvel no site da Petrobras.<\/p>\n<p><em>Com informa\u00e7\u00f5es da Ag\u00eancia Petrobras<\/em><\/p>\n","protected":false},"excerpt":{"rendered":"<p>Concess\u00f5es s\u00e3o para produ\u00e7\u00e3o mar\u00edtimas na sub-bacia de Munda\u00fa A Petrobras informa que iniciou a etapa de divulga\u00e7\u00e3o da oportunidade (teaser) referente \u00e0 venda da&#8230;<\/p>\n","protected":false},"author":1182,"featured_media":7802,"comment_status":"closed","ping_status":"closed","sticky":false,"template":"","format":"standard","meta":{"footnotes":""},"categories":[6],"tags":[493,175,2324,58,76],"class_list":["post-30001","post","type-post","status-publish","format-standard","has-post-thumbnail","hentry","category-noticias","tag-campos","tag-ceara","tag-maritimos","tag-petrobras","tag-producao"],"_links":{"self":[{"href":"https:\/\/www.sincomam.org.br\/index.php\/wp-json\/wp\/v2\/posts\/30001","targetHints":{"allow":["GET"]}}],"collection":[{"href":"https:\/\/www.sincomam.org.br\/index.php\/wp-json\/wp\/v2\/posts"}],"about":[{"href":"https:\/\/www.sincomam.org.br\/index.php\/wp-json\/wp\/v2\/types\/post"}],"author":[{"embeddable":true,"href":"https:\/\/www.sincomam.org.br\/index.php\/wp-json\/wp\/v2\/users\/1182"}],"replies":[{"embeddable":true,"href":"https:\/\/www.sincomam.org.br\/index.php\/wp-json\/wp\/v2\/comments?post=30001"}],"version-history":[{"count":1,"href":"https:\/\/www.sincomam.org.br\/index.php\/wp-json\/wp\/v2\/posts\/30001\/revisions"}],"predecessor-version":[{"id":30002,"href":"https:\/\/www.sincomam.org.br\/index.php\/wp-json\/wp\/v2\/posts\/30001\/revisions\/30002"}],"wp:featuredmedia":[{"embeddable":true,"href":"https:\/\/www.sincomam.org.br\/index.php\/wp-json\/wp\/v2\/media\/7802"}],"wp:attachment":[{"href":"https:\/\/www.sincomam.org.br\/index.php\/wp-json\/wp\/v2\/media?parent=30001"}],"wp:term":[{"taxonomy":"category","embeddable":true,"href":"https:\/\/www.sincomam.org.br\/index.php\/wp-json\/wp\/v2\/categories?post=30001"},{"taxonomy":"post_tag","embeddable":true,"href":"https:\/\/www.sincomam.org.br\/index.php\/wp-json\/wp\/v2\/tags?post=30001"}],"curies":[{"name":"wp","href":"https:\/\/api.w.org\/{rel}","templated":true}]}}