{"id":29996,"date":"2020-06-19T09:53:28","date_gmt":"2020-06-19T12:53:28","guid":{"rendered":"http:\/\/www.sincomam.org.br\/?p=29996"},"modified":"2020-06-19T10:28:12","modified_gmt":"2020-06-19T13:28:12","slug":"fgts-2020-saiba-como-consultar-o-valor-do-beneficio-pela-internet","status":"publish","type":"post","link":"https:\/\/www.sincomam.org.br\/index.php\/fgts-2020-saiba-como-consultar-o-valor-do-beneficio-pela-internet\/","title":{"rendered":"FGTS 2020: Saiba como consultar o valor do benef\u00edcio pela Internet"},"content":{"rendered":"<p><strong><em>Valor pode chegar a at\u00e9 R$1.045 por trabalhador. O calend\u00e1rio de pagamento j\u00e1 foi liberado<\/em><\/strong><\/p>\n<p>O Governo Federal liberou o novo saque emergencial do Fundo de Garantia do Tempo de Servi\u00e7o (FGTS), autorizado pela Medida Provis\u00f3ria n\u00ba 946\/2020 de 07\/04\/2020. O valor, liberado para enfrentar os impactos causados pelo novo Coronav\u00edrus (COVID-19), tem o limite de saque restrito de R$ 1.045,00 (um sal\u00e1rio m\u00ednimo)\u00a0por trabalhador.<\/p>\n<p>Tem direito ao saque todos os trabalhadores titulares de conta FGTS com saldo, incluindo contas ativas (emprego atual) e inativas (empregos anteriores). O trabalhador pode, por exemplo, realizar a soma das contas. Caso o benefici\u00e1rio n\u00e3o tenha R$1.045 em uma conta, ele poder\u00e1 utilizar as demais at\u00e9 chegar ao valor permitido para saques.<\/p>\n<p>Para consultar os valores, os benefici\u00e1rios poder\u00e3o acessar o site do<strong> FGTS<a href=\"http:\/\/www.caixa.gov.br\/beneficios-trabalhador\/fgts\/Paginas\/default.aspx\" target=\"_blank\" rel=\"noopener noreferrer\"> www.fgts.caixa.gov.br<\/a><\/strong>. \u00a0\u00c9 necess\u00e1rio ter em m\u00e3os o n\u00famero do CPF ou o N\u00famero de Identifica\u00e7\u00e3o Social (INSS). A senha da internet tamb\u00e9m ser\u00e1 solicitada. Al\u00e9m disso, \u00e9 poss\u00edvel receber o atendimento atrav\u00e9s do telefone Caixa 111.<\/p>\n<p>O trabalhador tamb\u00e9m pode consultar o benef\u00edcio pelo <a href=\"http:\/\/www.caixa.gov.br\/atendimento\/aplicativos\/fgts\/Paginas\/default.aspx\" target=\"_blank\" rel=\"noopener noreferrer\"><strong>App FGTS<\/strong><\/a>, onde \u00e9 poss\u00edvel solicitar o saque, indicar uma conta de qualquer banco para receber o cr\u00e9dito, fazer upload de documentos e acompanhar as etapas do processo. A Caixa informa que a nova vers\u00e3o do aplicativo est\u00e1 dispon\u00edvel em lojas da plataforma Android, de forma gratuita.<\/p>\n<p>A Medida Provis\u00f3ria 927\/2020 tamb\u00e9m concedeu ao empregador a possibilidade de suspender o recolhimento do FGTS das compet\u00eancias de mar\u00e7o, abril e maio de 2020, com vencimento em abril, maio e junho de 2020, respectivamente.<\/p>\n<p><strong>Confira abaixo o calend\u00e1rio de saques do FGTS<\/strong><\/p>\n<table width=\"0\">\n<tbody>\n<tr>\n<td><strong>M\u00eas de nascimento<\/strong><\/td>\n<td><strong>Cr\u00e9dito em conta<\/strong><\/td>\n<td><strong>Saque ou transfer\u00eancia<\/strong><\/td>\n<\/tr>\n<tr>\n<td>Janeiro<\/td>\n<td>29 de junho<\/td>\n<td>25 de julho<\/td>\n<\/tr>\n<tr>\n<td>Fevereiro<\/td>\n<td>6 de julho<\/td>\n<td>8 de agosto<\/td>\n<\/tr>\n<tr>\n<td>Mar\u00e7o<\/td>\n<td>13 de julho<\/td>\n<td>22 de agosto<\/td>\n<\/tr>\n<tr>\n<td>Abril<\/td>\n<td>20 de julho<\/td>\n<td>5 de setembro<\/td>\n<\/tr>\n<tr>\n<td>Maio<\/td>\n<td>27 de julho<\/td>\n<td>19 de setembro<\/td>\n<\/tr>\n<tr>\n<td>Junho<\/td>\n<td>3 de agosto<\/td>\n<td>3 de outubro<\/td>\n<\/tr>\n<tr>\n<td>Julho<\/td>\n<td>10 de agosto<\/td>\n<td>17 de outubro<\/td>\n<\/tr>\n<tr>\n<td>Agosto<\/td>\n<td>24 de agosto<\/td>\n<td>17 de outubro<\/td>\n<\/tr>\n<tr>\n<td>Setembro<\/td>\n<td>31 de agosto<\/td>\n<td>31 de outubro<\/td>\n<\/tr>\n<tr>\n<td>Outubro<\/td>\n<td>8 de setembro<\/td>\n<td>31 de outubro<\/td>\n<\/tr>\n<tr>\n<td>Novembro<\/td>\n<td>14 de setembro<\/td>\n<td>14 de novembro<\/td>\n<\/tr>\n<tr>\n<td>Dezembro<\/td>\n<td>21 de setembro<\/td>\n<td>14 de novembro<\/td>\n<\/tr>\n<\/tbody>\n<\/table>\n<p><strong>Leia tamb\u00e9m:<\/strong> <a href=\"https:\/\/www.sincomam.org.br\/index.php\/29822\/\" target=\"_blank\" rel=\"noopener noreferrer\"><strong>Trabalhadores com saldo em contas ativas ou inativas no FGTS<\/strong><\/a><\/p>\n","protected":false},"excerpt":{"rendered":"<p>Valor pode chegar a at\u00e9 R$1.045 por trabalhador. O calend\u00e1rio de pagamento j\u00e1 foi liberado O Governo Federal liberou o novo saque emergencial do Fundo&#8230;<\/p>\n","protected":false},"author":1182,"featured_media":18121,"comment_status":"closed","ping_status":"closed","sticky":false,"template":"","format":"standard","meta":{"footnotes":""},"categories":[6],"tags":[2377,390,3085,3239,1003,325,204,1140],"class_list":["post-29996","post","type-post","status-publish","format-standard","has-post-thumbnail","hentry","category-noticias","tag-beneficio","tag-caixa","tag-consulta","tag-disponivel","tag-internet","tag-liberacao","tag-pagamento","tag-trabalhadores"],"_links":{"self":[{"href":"https:\/\/www.sincomam.org.br\/index.php\/wp-json\/wp\/v2\/posts\/29996","targetHints":{"allow":["GET"]}}],"collection":[{"href":"https:\/\/www.sincomam.org.br\/index.php\/wp-json\/wp\/v2\/posts"}],"about":[{"href":"https:\/\/www.sincomam.org.br\/index.php\/wp-json\/wp\/v2\/types\/post"}],"author":[{"embeddable":true,"href":"https:\/\/www.sincomam.org.br\/index.php\/wp-json\/wp\/v2\/users\/1182"}],"replies":[{"embeddable":true,"href":"https:\/\/www.sincomam.org.br\/index.php\/wp-json\/wp\/v2\/comments?post=29996"}],"version-history":[{"count":10,"href":"https:\/\/www.sincomam.org.br\/index.php\/wp-json\/wp\/v2\/posts\/29996\/revisions"}],"predecessor-version":[{"id":30010,"href":"https:\/\/www.sincomam.org.br\/index.php\/wp-json\/wp\/v2\/posts\/29996\/revisions\/30010"}],"wp:featuredmedia":[{"embeddable":true,"href":"https:\/\/www.sincomam.org.br\/index.php\/wp-json\/wp\/v2\/media\/18121"}],"wp:attachment":[{"href":"https:\/\/www.sincomam.org.br\/index.php\/wp-json\/wp\/v2\/media?parent=29996"}],"wp:term":[{"taxonomy":"category","embeddable":true,"href":"https:\/\/www.sincomam.org.br\/index.php\/wp-json\/wp\/v2\/categories?post=29996"},{"taxonomy":"post_tag","embeddable":true,"href":"https:\/\/www.sincomam.org.br\/index.php\/wp-json\/wp\/v2\/tags?post=29996"}],"curies":[{"name":"wp","href":"https:\/\/api.w.org\/{rel}","templated":true}]}}