{"id":29973,"date":"2020-06-18T10:29:23","date_gmt":"2020-06-18T13:29:23","guid":{"rendered":"http:\/\/www.sincomam.org.br\/?p=29973"},"modified":"2020-06-18T10:29:35","modified_gmt":"2020-06-18T13:29:35","slug":"beneficiarios-do-bolsa-familia-comecam-a-receber-3a-parcela-de-auxilio","status":"publish","type":"post","link":"https:\/\/www.sincomam.org.br\/index.php\/beneficiarios-do-bolsa-familia-comecam-a-receber-3a-parcela-de-auxilio\/","title":{"rendered":"Benefici\u00e1rios do Bolsa Fam\u00edlia come\u00e7am a receber 3\u00aa parcela de aux\u00edlio"},"content":{"rendered":"<p><strong><em>Calend\u00e1rio do programa segue at\u00e9 30 de junho<\/em><\/strong><\/p>\n<p>A popula\u00e7\u00e3o inscrita no programa Bolsa Fam\u00edlia come\u00e7a a receber nesta quarta-feira (17) a terceira parcela do aux\u00edlio emergencial. Os repasses de R$ 600 a R$ 1.200 obedecem ao calend\u00e1rio habitual do programa, que segue at\u00e9 30 de junho.<\/p>\n<p>Os primeiros a receber s\u00e3o os benefici\u00e1rios com N\u00famero de Identifica\u00e7\u00e3o Social (NIS) final 1. Em maio, 14,28 milh\u00f5es de fam\u00edlias receberam o benef\u00edcio, no valor total de R$ 15,2 bilh\u00f5es. O calend\u00e1rio de pagamento para os demais cidad\u00e3os com direito ao aux\u00edlio emergencial ser\u00e1 divulgado em breve, segundo o ministro da Cidadania, Onyx Lorenzoni.<\/p>\n<p>O aux\u00edlio emergencial prev\u00ea o pagamento de tr\u00eas parcelas de R$ 600 para trabalhadores informais, integrantes do Bolsa Fam\u00edlia e pessoas de baixa renda. O governo deve estender o pagamento do aux\u00edlio em pelo menos mais duas parcelas, mas com valor inferior aos R$ 600 pagos atualmente.<\/p>\n<p>De acordo com a Caixa Econ\u00f4mica Federal, cerca de 59 milh\u00f5es de pessoas j\u00e1 receberam a primeira parcela do benef\u00edcio. A segunda parcela, de acordo com o ministro Onyx Lorenzoni, foi paga a 51 milh\u00f5es. Cada parcela do aux\u00edlio emergencial custa aos cofres p\u00fablicas cerca de R$ 48 bilh\u00f5es<\/p>\n<p>Outros lotes de solicita\u00e7\u00f5es do aux\u00edlio emergencial, feitos em maio, foram processados e os benefici\u00e1rios come\u00e7aram a receber a primeira parcela. Desses, um grupo de 4,9 milh\u00f5es de novos beneficiados vai receber o pagamento ao longo desta semana. Ser\u00e3o mais R$ 3,2 bilh\u00f5es em repasses.<\/p>\n<p>Quem nasceu de janeiro a junho poder\u00e1 movimentar digitalmente os valores pela Conta Social Digital da Caixa desde ontem (16); os nascidos de julho a dezembro, a partir desta quarta-feira (17). J\u00e1 os saques em dinheiro poder\u00e3o ser feitos a partir de 8 de julho, para aniversariantes de janeiro, e assim por diante at\u00e9 18 de julho, para os de dezembro.<\/p>\n<p><strong>N\u00fameros do programa<\/strong><\/p>\n<p>A Dataprev informou na \u00faltima segunda-feira (15) que j\u00e1 recebeu mais de 124,1 milh\u00f5es de solicita\u00e7\u00f5es para o aux\u00edlio emergencial e processou 98,6% delas. A empresa p\u00fablica \u00e9 respons\u00e1vel pelo cruzamento das informa\u00e7\u00f5es autodeclaradas dos requerentes por meio do site ou aplicativo da Caixa com a base de dados federais. <a href=\"https:\/\/auxilio.caixa.gov.br\/#\/inicio\" target=\"_blank\" rel=\"noopener noreferrer\">Clique aqui e acesse o site da Caixa<\/a>.<\/p>\n<p>Atualmente, restam 1,6 milh\u00e3o de cadastros em processamento, referentes ao per\u00edodo de 27 de maio e 11 de junho. Outros 34.043 pedidos de abril (0,03% do total) passam por processamento adicional no Minist\u00e9rio da Cidadania.<\/p>\n<p><strong>Pedidos<\/strong><\/p>\n<p>Do total de pedidos, 64,14 milh\u00f5es foram considerados eleg\u00edveis e 16,69 milh\u00f5es classificados como inconclusivos, quando faltam informa\u00e7\u00f5es para o processamento integral do pedido. Os ineleg\u00edveis, que n\u00e3o t\u00eam direito ao benef\u00edcio pelos crit\u00e9rios estabelecidos em lei, foram 41,59 milh\u00f5es.<\/p>\n<p>O governo consulta diversas bases oficiais de dados, resguardados os sigilos fiscais e banc\u00e1rios, de forma simult\u00e2nea, para identificar se o requerente se enquadra nos crit\u00e9rios legais para receber o benef\u00edcio. At\u00e9 a semana passada, foram recuperados aos cofres p\u00fablicos cerca de R$ 29,65 milh\u00f5es pagos a pessoas fora dos crit\u00e9rios para recebimento.<\/p>\n<p>Por meio do site <a href=\"https:\/\/devolucaoauxilioemergencial.cidadania.gov.br\/devolucao\" target=\"_blank\" rel=\"noopener noreferrer\"><strong>devolucaoauxilioemergencial.cidadania.gov.br<\/strong><\/a>, um total de 39.517 pessoas que n\u00e3o se enquadravam nos crit\u00e9rios da lei que criou o aux\u00edlio emergencial emitiu guias de Recolhimento da Uni\u00e3o (GRU) para devolver valores. Desse total, 23.643 foram militares, que somaram R$ 15,2 milh\u00f5es em devolu\u00e7\u00f5es.<\/p>\n<p>Fonte: Ag\u00eancia Brasil<\/p>\n","protected":false},"excerpt":{"rendered":"<p>Calend\u00e1rio do programa segue at\u00e9 30 de junho A popula\u00e7\u00e3o inscrita no programa Bolsa Fam\u00edlia come\u00e7a a receber nesta quarta-feira (17) a terceira parcela do&#8230;<\/p>\n","protected":false},"author":1182,"featured_media":29823,"comment_status":"closed","ping_status":"closed","sticky":false,"template":"","format":"standard","meta":{"footnotes":""},"categories":[6],"tags":[3232,1757,3233,1807,390,432,1610,204],"class_list":["post-29973","post","type-post","status-publish","format-standard","has-post-thumbnail","hentry","category-noticias","tag-adicional","tag-auxilio","tag-beneficiario","tag-bolsa","tag-caixa","tag-emergencial","tag-familia","tag-pagamento"],"_links":{"self":[{"href":"https:\/\/www.sincomam.org.br\/index.php\/wp-json\/wp\/v2\/posts\/29973","targetHints":{"allow":["GET"]}}],"collection":[{"href":"https:\/\/www.sincomam.org.br\/index.php\/wp-json\/wp\/v2\/posts"}],"about":[{"href":"https:\/\/www.sincomam.org.br\/index.php\/wp-json\/wp\/v2\/types\/post"}],"author":[{"embeddable":true,"href":"https:\/\/www.sincomam.org.br\/index.php\/wp-json\/wp\/v2\/users\/1182"}],"replies":[{"embeddable":true,"href":"https:\/\/www.sincomam.org.br\/index.php\/wp-json\/wp\/v2\/comments?post=29973"}],"version-history":[{"count":1,"href":"https:\/\/www.sincomam.org.br\/index.php\/wp-json\/wp\/v2\/posts\/29973\/revisions"}],"predecessor-version":[{"id":29974,"href":"https:\/\/www.sincomam.org.br\/index.php\/wp-json\/wp\/v2\/posts\/29973\/revisions\/29974"}],"wp:featuredmedia":[{"embeddable":true,"href":"https:\/\/www.sincomam.org.br\/index.php\/wp-json\/wp\/v2\/media\/29823"}],"wp:attachment":[{"href":"https:\/\/www.sincomam.org.br\/index.php\/wp-json\/wp\/v2\/media?parent=29973"}],"wp:term":[{"taxonomy":"category","embeddable":true,"href":"https:\/\/www.sincomam.org.br\/index.php\/wp-json\/wp\/v2\/categories?post=29973"},{"taxonomy":"post_tag","embeddable":true,"href":"https:\/\/www.sincomam.org.br\/index.php\/wp-json\/wp\/v2\/tags?post=29973"}],"curies":[{"name":"wp","href":"https:\/\/api.w.org\/{rel}","templated":true}]}}