{"id":29965,"date":"2020-06-17T12:53:33","date_gmt":"2020-06-17T15:53:33","guid":{"rendered":"http:\/\/www.sincomam.org.br\/?p=29965"},"modified":"2020-06-17T13:21:43","modified_gmt":"2020-06-17T16:21:43","slug":"governo-prepara-retorno-gradual-das-aulas-nas-escolas-em-sao-paulo","status":"publish","type":"post","link":"https:\/\/www.sincomam.org.br\/index.php\/governo-prepara-retorno-gradual-das-aulas-nas-escolas-em-sao-paulo\/","title":{"rendered":"Governo prepara retorno gradual das aulas nas escolas em S\u00e3o Paulo"},"content":{"rendered":"<p><strong><em>Estado tem hoje 13 milh\u00f5es de estudantes. Secret\u00e1rio de Sa\u00fade diz que faixa et\u00e1ria das crian\u00e7as ter\u00e1 prioridade na retomada das aulas<\/em><\/strong><\/p>\n<p>O secret\u00e1rio executivo da Secretaria Estadual da Educa\u00e7\u00e3o de S\u00e3o Paulo, Haroldo Rocha, disse que o retorno \u00e0s aulas presenciais, ainda sem data marcada, ser\u00e1 de forma gradual.<\/p>\n<p>\u201cA ideia \u00e9 que n\u00f3s vamos voltar em fases, combinadas com as [cinco] fases do Plano S\u00e3o Paulo [plano do governo estadual de retomada das atividades econ\u00f4micas e de servi\u00e7os, de forma gradual e regionalizada]. A ideia \u00e9 que a gente volte com 20% [de presen\u00e7a] dos alunos no primeiro momento; no segundo momento, com 50% dos alunos; e, na fase final, com 100% dos alunos. Isso j\u00e1 \u00e9 uma decis\u00e3o\u201d, detalhou o secret\u00e1rio. Rocha.<\/p>\n<p>O secret\u00e1rio disse que ainda est\u00e1 sendo discutido que faixa et\u00e1ria ter\u00e1 prioridade na retomada das aulas, se as crian\u00e7as mais novas ou as crian\u00e7as mais velhas. Outra quest\u00e3o que est\u00e1 sendo estudada pela secretaria diz respeito aos professores que est\u00e3o na faixa de risco para o coronav\u00edrus, seja por idade acima de 60 anos, seja por problemas anteriores de sa\u00fade.<\/p>\n<p>As aulas presenciais na rede estadual de S\u00e3o Paulo est\u00e3o suspensas desde o dia 23 de mar\u00e7o como medida de controle \u00e0 propaga\u00e7\u00e3o do novo coronav\u00edrus (covid-19). E o retorno \u201cdepende da evolu\u00e7\u00e3o da pandemia e da orienta\u00e7\u00e3o cient\u00edfica da sa\u00fade\u201d, disse Rocha.<\/p>\n<p>Rocha lembrou que apesar das aulas presenciais estarem suspensas, elas v\u00eam acontecendo de forma online e remota, por meio do Centro de M\u00eddias da Educa\u00e7\u00e3o de S\u00e3o Paulo (CMSP), plataforma criada pela secretaria de Educa\u00e7\u00e3o durante a pandemia do novo coronav\u00edrus.<\/p>\n<p>De acordo com o secret\u00e1rio executivo de Educa\u00e7\u00e3o, a retomada das aulas no estado ser\u00e1 feita de forma h\u00edbrida, aproveitando o Centro de M\u00eddias. \u201cNa retomada das aulas, n\u00f3s vamos trabalhar com o ensino h\u00edbrido, ou seja, as crian\u00e7as ter\u00e3o um tempo presencial na escola e v\u00e3o ter tamb\u00e9m a oportunidade de ampliar ou ter apoio do Centro de M\u00eddias em suas casas para avan\u00e7ar no conhecimento\u201d, disse.<\/p>\n<p>Por meio de nota, a Secretaria Estadual de Educa\u00e7\u00e3o de S\u00e3o Paulo (Seduc-SP) informou que vem realizando reuni\u00f5es com institui\u00e7\u00f5es p\u00fablicas e privadas para organizar a retomada planejada das aulas presenciais. E que ser\u00e1 de forma gradual e regionalizada, seguindo o que os dados cient\u00edficos sobre a epidemia indicarem em cada regi\u00e3o do estado.<\/p>\n<p>Ainda segundo a secretaria, as diretrizes sobre a retomada presencial das aulas devem ser apresentadas \u00e0 sociedade nas pr\u00f3ximas semanas.<\/p>\n<p><strong>Competi\u00e7\u00f5es e pr\u00e1ticas esportivas<\/strong><\/p>\n<p>O governador de S\u00e3o Paulo, Jo\u00e3o Doria, disse hoje (5) que a volta das competi\u00e7\u00f5es e pr\u00e1ticas esportivas no estado est\u00e1 em fase de estudos, sem prazo ainda para serem retomadas. \u201cAinda n\u00e3o h\u00e1 posi\u00e7\u00e3o definida sobre prazo de retorno do futebol e dos demais esportes\u201d, disse Doria.<\/p>\n<p>Fonte: Ag\u00eancia Brasil<\/p>\n","protected":false},"excerpt":{"rendered":"<p>Estado tem hoje 13 milh\u00f5es de estudantes. Secret\u00e1rio de Sa\u00fade diz que faixa et\u00e1ria das crian\u00e7as ter\u00e1 prioridade na retomada das aulas O secret\u00e1rio executivo&#8230;<\/p>\n","protected":false},"author":1182,"featured_media":29967,"comment_status":"closed","ping_status":"closed","sticky":false,"template":"","format":"standard","meta":{"footnotes":""},"categories":[6],"tags":[3229,2786,3228,3160,3231,638,3230,366,3159],"class_list":["post-29965","post","type-post","status-publish","format-standard","has-post-thumbnail","hentry","category-noticias","tag-adultos","tag-aulas","tag-criancas","tag-escolas","tag-particulares","tag-professores","tag-publicas","tag-sao-paulo","tag-volta"],"_links":{"self":[{"href":"https:\/\/www.sincomam.org.br\/index.php\/wp-json\/wp\/v2\/posts\/29965","targetHints":{"allow":["GET"]}}],"collection":[{"href":"https:\/\/www.sincomam.org.br\/index.php\/wp-json\/wp\/v2\/posts"}],"about":[{"href":"https:\/\/www.sincomam.org.br\/index.php\/wp-json\/wp\/v2\/types\/post"}],"author":[{"embeddable":true,"href":"https:\/\/www.sincomam.org.br\/index.php\/wp-json\/wp\/v2\/users\/1182"}],"replies":[{"embeddable":true,"href":"https:\/\/www.sincomam.org.br\/index.php\/wp-json\/wp\/v2\/comments?post=29965"}],"version-history":[{"count":4,"href":"https:\/\/www.sincomam.org.br\/index.php\/wp-json\/wp\/v2\/posts\/29965\/revisions"}],"predecessor-version":[{"id":29972,"href":"https:\/\/www.sincomam.org.br\/index.php\/wp-json\/wp\/v2\/posts\/29965\/revisions\/29972"}],"wp:featuredmedia":[{"embeddable":true,"href":"https:\/\/www.sincomam.org.br\/index.php\/wp-json\/wp\/v2\/media\/29967"}],"wp:attachment":[{"href":"https:\/\/www.sincomam.org.br\/index.php\/wp-json\/wp\/v2\/media?parent=29965"}],"wp:term":[{"taxonomy":"category","embeddable":true,"href":"https:\/\/www.sincomam.org.br\/index.php\/wp-json\/wp\/v2\/categories?post=29965"},{"taxonomy":"post_tag","embeddable":true,"href":"https:\/\/www.sincomam.org.br\/index.php\/wp-json\/wp\/v2\/tags?post=29965"}],"curies":[{"name":"wp","href":"https:\/\/api.w.org\/{rel}","templated":true}]}}