{"id":29948,"date":"2020-06-17T10:50:10","date_gmt":"2020-06-17T13:50:10","guid":{"rendered":"http:\/\/www.sincomam.org.br\/?p=29948"},"modified":"2020-06-17T10:55:27","modified_gmt":"2020-06-17T13:55:27","slug":"covid-19-pandemia-causa-demissao-em-massa-no-comperj","status":"publish","type":"post","link":"https:\/\/www.sincomam.org.br\/index.php\/covid-19-pandemia-causa-demissao-em-massa-no-comperj\/","title":{"rendered":"Covid-19: pandemia causa demiss\u00e3o em massa no Comperj"},"content":{"rendered":"<p><strong><em>Com uma s\u00e9rie de problemas e incertezas devido ao coronav\u00edrus, apenas em outubro que alguns oper\u00e1rios ser\u00e3o readmitidos <\/em><\/strong><\/p>\n<p>Oper\u00e1rios que atuam nas obras do Complexo Petroqu\u00edmico do Rio de Janeiro (COMPERJ) est\u00e3o sendo demitidos em massa. Nesta ter\u00e7a-feira (16), muitos trabalhadores foram surpreendidos ao chegar no empreendimento com o an\u00fancio de demiss\u00e3o. V\u00eddeos e imagens foram repassadas ao CPG, sobre a fila de trabalhadores na porta do complexo sendo desligados dos seus postos de trabalho.<\/p>\n<p>O Comperj estava sendo constru\u00eddo para ser uma refinaria em parceria entre a Petrobras e a CNPC, mas os chineses acabaram decidindo que o projeto n\u00e3o seria economicamente vi\u00e1vel. Desde a parada em 2015, milhares de trabalhadores j\u00e1 foram demitidos e n\u00e3o tiveram seus direitos garantidos. Dep\u00f3sitos em atraso do FGTS, n\u00e3o pagamento de aviso pr\u00e9vio e mesmo o sal\u00e1rio no per\u00edodo trabalho n\u00e3o foram honrados pelas empresas terceirizadas da obra.<\/p>\n<p><strong>Leia tamb\u00e9m: <a href=\"https:\/\/www.sincomam.org.br\/index.php\/petrobras-paralisa-parte-das-obras-no-comperj-e-de-gasoduto-por-determinacao-da-prefeitura-de-itaborai\/\" target=\"_blank\" rel=\"noopener noreferrer\">Petrobras paralisa parte das obras no Comperj<\/a><\/strong><\/p>\n<p>A Petrobras tamb\u00e9m anunciou que iria desistir da refinaria, mantendo apenas a UPGN para tratar o g\u00e1s do pr\u00e9-sal. N\u00e3o h\u00e1 uma destina\u00e7\u00e3o definitiva para o empreendimento, mas tudo indica que pode se transformar em uma termoel\u00e9trica.<\/p>\n<p><strong>Leia mais sobre os <a href=\"https:\/\/www.sincomam.org.br\/wp-content\/uploads\/2020\/04\/ED-17-2020_SAIDA_02-4-1.pdf\" target=\"_blank\" rel=\"noopener noreferrer\">projetos para o Comperj na Revista SINCOMAM<\/a><\/strong><\/p>\n<p><em>Com informa\u00e7\u00f5es do Click Petr\u00f3leo e G\u00e1s<\/em><\/p>\n","protected":false},"excerpt":{"rendered":"<p>Com uma s\u00e9rie de problemas e incertezas devido ao coronav\u00edrus, apenas em outubro que alguns oper\u00e1rios ser\u00e3o readmitidos Oper\u00e1rios que atuam nas obras do Complexo&#8230;<\/p>\n","protected":false},"author":1182,"featured_media":29949,"comment_status":"closed","ping_status":"closed","sticky":false,"template":"","format":"standard","meta":{"footnotes":""},"categories":[6],"tags":[360,3221,1502,359,1239,58,59],"class_list":["post-29948","post","type-post","status-publish","format-standard","has-post-thumbnail","hentry","category-noticias","tag-comperj","tag-coronavirus-covid-19","tag-demissao","tag-operarios","tag-paralisacao","tag-petrobras","tag-rio-de-janeiro"],"_links":{"self":[{"href":"https:\/\/www.sincomam.org.br\/index.php\/wp-json\/wp\/v2\/posts\/29948","targetHints":{"allow":["GET"]}}],"collection":[{"href":"https:\/\/www.sincomam.org.br\/index.php\/wp-json\/wp\/v2\/posts"}],"about":[{"href":"https:\/\/www.sincomam.org.br\/index.php\/wp-json\/wp\/v2\/types\/post"}],"author":[{"embeddable":true,"href":"https:\/\/www.sincomam.org.br\/index.php\/wp-json\/wp\/v2\/users\/1182"}],"replies":[{"embeddable":true,"href":"https:\/\/www.sincomam.org.br\/index.php\/wp-json\/wp\/v2\/comments?post=29948"}],"version-history":[{"count":3,"href":"https:\/\/www.sincomam.org.br\/index.php\/wp-json\/wp\/v2\/posts\/29948\/revisions"}],"predecessor-version":[{"id":29952,"href":"https:\/\/www.sincomam.org.br\/index.php\/wp-json\/wp\/v2\/posts\/29948\/revisions\/29952"}],"wp:featuredmedia":[{"embeddable":true,"href":"https:\/\/www.sincomam.org.br\/index.php\/wp-json\/wp\/v2\/media\/29949"}],"wp:attachment":[{"href":"https:\/\/www.sincomam.org.br\/index.php\/wp-json\/wp\/v2\/media?parent=29948"}],"wp:term":[{"taxonomy":"category","embeddable":true,"href":"https:\/\/www.sincomam.org.br\/index.php\/wp-json\/wp\/v2\/categories?post=29948"},{"taxonomy":"post_tag","embeddable":true,"href":"https:\/\/www.sincomam.org.br\/index.php\/wp-json\/wp\/v2\/tags?post=29948"}],"curies":[{"name":"wp","href":"https:\/\/api.w.org\/{rel}","templated":true}]}}