{"id":29941,"date":"2020-06-17T10:12:43","date_gmt":"2020-06-17T13:12:43","guid":{"rendered":"http:\/\/www.sincomam.org.br\/?p=29941"},"modified":"2020-06-17T10:23:54","modified_gmt":"2020-06-17T13:23:54","slug":"petrobras-paralisa-50-da-capacidade-da-reduc-apos-incendio","status":"publish","type":"post","link":"https:\/\/www.sincomam.org.br\/index.php\/petrobras-paralisa-50-da-capacidade-da-reduc-apos-incendio\/","title":{"rendered":"Petrobras paralisa 50% da capacidade da Reduc ap\u00f3s inc\u00eandio"},"content":{"rendered":"<p><em><strong>Acidente na refinaria fluminense n\u00e3o teve v\u00edtimas e as outras unidades seguem operando normalmente\u00a0<\/strong><\/em><\/p>\n<p>A Petrobras informou que o inc\u00eandio ocorrido na Refinaria Duque de Caxias (Reduc), no Rio de Janeiro &#8211; na tarde da \u00faltima segunda-feira (15) &#8211; obrigou a estatal reduzir temporariamente em 50% a capacidade de processamento de petr\u00f3leo da unidade.<\/p>\n<p>Em nota, a Petrobras afirmou que \u201cn\u00e3o haver\u00e1 impacto no atendimento ao mercado\u201d, uma vez que a Reduc tem produtos armazenados para entrega. \u201cA refinaria ir\u00e1 operar com carga reduzida at\u00e9 que a unidade retorne \u00e0 opera\u00e7\u00e3o\u201d, disse a companhia \u00e0 Reuters, sem especificar prazo de retorno.<\/p>\n<p>A redu\u00e7\u00e3o da opera\u00e7\u00e3o foi necess\u00e1ria porque cerca da metade do petr\u00f3leo processado na Reduc &#8211; cerca de 18,5 bilh\u00f5es de litros di\u00e1rios &#8212; passa pela unidade de destila\u00e7\u00e3o que pegou fogo. O inc\u00eandio na refinaria fluminense n\u00e3o teve v\u00edtimas, e as outras unidades da Reduc n\u00e3o foram atingidas.<\/p>\n<p>O Sindipetro Duque de Caxias publicou em seu site que &#8220;recebeu a informa\u00e7\u00e3o preliminar de que o inc\u00eandio\u00a0teve in\u00edcio \u00e0s\u00a014:40h\u00a0na\u00a0U-1210\u00a0(Destila\u00e7\u00e3o atmosf\u00e9rica) da REDUC, devido ao rompimento de uma v\u00e1lvula de reten\u00e7\u00e3o (RV) com vazamento de combust\u00edvel. O inc\u00eandio teve dura\u00e7\u00e3o de 1 hora e 10 minutos, e gra\u00e7as ao trabalho conjunto da equipe do SMS \u2013 Seguran\u00e7a industrial e da Brigada de inc\u00eandio, o fogo foi controlado rapidamente&#8221;.<\/p>\n<p>A Reduc \u00e9 uma das maiores refinarias do Brasil em capacidade instalada de refino de petr\u00f3leo, com cerca de 239 mil barris por dia, produzindo v\u00e1rios combust\u00edveis, como \u00f3leo diesel, gasolina, querosene de avia\u00e7\u00e3o (QAV), e asfalto, entre outros.<\/p>\n<p>Foto: Sindipetro Duque de Caxias<\/p>\n<p><strong>Leia tamb\u00e9m:<\/strong><\/p>\n<p><a href=\"https:\/\/www.sincomam.org.br\/index.php\/incendio-atinge-refinaria-reduc-da-petrobras-no-rio-de-janeiro\/\" target=\"_blank\" rel=\"noopener noreferrer\"><strong>Inc\u00eandio atinge refinaria Reduc da Petrobras no Rio de Janeiro<\/strong><\/a><\/p>\n","protected":false},"excerpt":{"rendered":"<p>Acidente na refinaria fluminense n\u00e3o teve v\u00edtimas e as outras unidades seguem operando normalmente\u00a0 A Petrobras informou que o inc\u00eandio ocorrido na Refinaria Duque de&#8230;<\/p>\n","protected":false},"author":1182,"featured_media":29945,"comment_status":"closed","ping_status":"closed","sticky":false,"template":"","format":"standard","meta":{"footnotes":""},"categories":[6],"tags":[114,2859,1393,115,1239,58,76,1067,2900,721],"class_list":["post-29941","post","type-post","status-publish","format-standard","has-post-thumbnail","hentry","category-noticias","tag-acidente","tag-atividades","tag-capacidade","tag-incendio","tag-paralisacao","tag-petrobras","tag-producao","tag-reduc","tag-refino","tag-vitimas"],"_links":{"self":[{"href":"https:\/\/www.sincomam.org.br\/index.php\/wp-json\/wp\/v2\/posts\/29941","targetHints":{"allow":["GET"]}}],"collection":[{"href":"https:\/\/www.sincomam.org.br\/index.php\/wp-json\/wp\/v2\/posts"}],"about":[{"href":"https:\/\/www.sincomam.org.br\/index.php\/wp-json\/wp\/v2\/types\/post"}],"author":[{"embeddable":true,"href":"https:\/\/www.sincomam.org.br\/index.php\/wp-json\/wp\/v2\/users\/1182"}],"replies":[{"embeddable":true,"href":"https:\/\/www.sincomam.org.br\/index.php\/wp-json\/wp\/v2\/comments?post=29941"}],"version-history":[{"count":3,"href":"https:\/\/www.sincomam.org.br\/index.php\/wp-json\/wp\/v2\/posts\/29941\/revisions"}],"predecessor-version":[{"id":29946,"href":"https:\/\/www.sincomam.org.br\/index.php\/wp-json\/wp\/v2\/posts\/29941\/revisions\/29946"}],"wp:featuredmedia":[{"embeddable":true,"href":"https:\/\/www.sincomam.org.br\/index.php\/wp-json\/wp\/v2\/media\/29945"}],"wp:attachment":[{"href":"https:\/\/www.sincomam.org.br\/index.php\/wp-json\/wp\/v2\/media?parent=29941"}],"wp:term":[{"taxonomy":"category","embeddable":true,"href":"https:\/\/www.sincomam.org.br\/index.php\/wp-json\/wp\/v2\/categories?post=29941"},{"taxonomy":"post_tag","embeddable":true,"href":"https:\/\/www.sincomam.org.br\/index.php\/wp-json\/wp\/v2\/tags?post=29941"}],"curies":[{"name":"wp","href":"https:\/\/api.w.org\/{rel}","templated":true}]}}